{"id":24169,"date":"2022-02-05T16:49:44","date_gmt":"2022-02-05T15:49:44","guid":{"rendered":"https:\/\/redfox.photos\/?p=24169"},"modified":"2023-09-04T12:00:19","modified_gmt":"2023-09-04T10:00:19","slug":"portre-fotozas-alapjai-es-technikai-feltetelei-kezdoknek","status":"publish","type":"post","link":"https:\/\/redfox.photos\/en\/fotozas\/portre-fotozas-alapjai-es-technikai-feltetelei-kezdoknek\/","title":{"rendered":"Portr\u00e9 fot\u00f3z\u00e1s alapjai \u00e9s technikai felt\u00e9telei kezd\u0151knek"},"content":{"rendered":"<p>Sokat gondolkodtam, hogy kell-e egy ilyen blog posztot \u00edrnom a portr\u00e9fot\u00f3z\u00e1sr\u00f3l, de arra jutottam, hogy akik olvass\u00e1k cikkeim javar\u00e9szt hobbifot\u00f3sok \u00e9s kezd\u0151 fot\u00f3sok \u00e9s nekik j\u00f3l j\u00f6hetnek azok az inform\u00e1ci\u00f3k, amiket most le fogok \u00edrni.<\/p>\n\n\n\n<p>Ebb\u0151l a cikkb\u0151l sok mindent meg fogtok tudni mint:<\/p>\n\n\n\n<p>&#8211; &nbsp; &nbsp; &nbsp; Mi az a portr\u00e9 fot\u00f3z\u00e1s? Hogyan \u00e9rdemes elkezdeni?<\/p>\n\n\n\n<p>&#8211; &nbsp; &nbsp; &nbsp; Milyen fajt\u00e1i vannak?<\/p>\n\n\n\n<p>&#8211; &nbsp; &nbsp; &nbsp; Milyen felszerel\u00e9sekre van sz\u00fcks\u00e9ged?<\/p>\n\n\n\n<p>&#8211; \u00a0 \u00a0 \u00a0 <a href=\"https:\/\/redfox.photos\/en\/fotozas\/a-jo-fenyhasznalat-fontossaga-a-portrefotozasban-2023-ban\/\" data-type=\"URL\" data-id=\"https:\/\/redfox.photos\/fotozas\/a-jo-fenyhasznalat-fontossaga-a-portrefotozasban-2023-ban\/\" target=\"_blank\" rel=\"noreferrer noopener\">Milyen f\u00e9nyeket lehet haszn\u00e1lni,<\/a> hogy sz\u00e9p portr\u00e9fot\u00f3id lehessenek?<\/p>\n\n\n\n<p>Kezdj\u00fck is akkor az elej\u00e9n:<\/p>\n\n\n\n<h2 class=\"wp-block-heading\"><strong>Mi az a portr\u00e9 fot\u00f3z\u00e1s \u00e9s milyen fajt\u00e1i vannak?<\/strong><\/h2>\n\n\n\n<p>A portr\u00e9fot\u00f3z\u00e1s vagy portr\u00e9z\u00e1s a f\u00e9nyk\u00e9pez\u00e9s egy olyan t\u00edpusa, amelynek c\u00e9lja egy szem\u00e9ly vagy embercsoport szem\u00e9lyis\u00e9g\u00e9nek megragad\u00e1sa hat\u00e9kony megvil\u00e1g\u00edt\u00e1s, h\u00e1tt\u00e9r \u00e9s p\u00f3zok seg\u00edts\u00e9g\u00e9vel. A portr\u00e9fot\u00f3 lehet m\u0171v\u00e9szi vagy \u00fczleti jelleg\u0171.<\/p>\n\n\n\n<p>Ez az egyik leg\u00e9rdekesebb f\u00e9nyk\u00e9pez\u00e9si m\u00f3d szerintem mert itt van befoly\u00e1sod a t\u00e9m\u00e1ra a legink\u00e1bb. Egy t\u00e1jfot\u00f3n\u00e1l vagy term\u00e9szet fot\u00f3z\u00e1sn\u00e1l sok mindennek ki vagy t\u00e9ve, amit nem tudsz ir\u00e1ny\u00edtani, itt azonban szinte mindent kontroll alatt tudsz tartani.<\/p>\n\n\n\n<p>Fontos megeml\u00edteni, hogy a portr\u00e9fot\u00f3z\u00e1s nem \u00fajkelet\u0171 dolog, hiszen a portr\u00e9 festm\u00e9nyeket v\u00e1ltotta fel a 19. sz\u00e1zadban. R\u00e9gen a kiv\u00e1lts\u00e1gosok \u00e9s a gazdagabbak privil\u00e9giuma volt, hogy legyenek k\u00e9peik magukr\u00f3l vagy csal\u00e1djukr\u00f3l. A technol\u00f3giai \u00faj\u00edt\u00e1soknak k\u00f6sz\u00f6nhet\u0151en, megjelentek az els\u0151 f\u00e9nyk\u00e9pez\u0151g\u00e9pek \u00e9s f\u00e9nyk\u00e9p\u00e9szek, \u00edgy terjedt el vil\u00e1gszerte egyre ink\u00e1bb \u00e9s v\u00e1lt el\u00e9rhet\u0151v\u00e9 mindenkinek sz\u00e1m\u00e1ra.<\/p>\n\n\n\n<p>Ahogy r\u00e9gebben, most is megvannak a j\u00f3 fot\u00f3sok, \u00e9s a portr\u00e9 fot\u00f3sok is. A legjobb portr\u00e9 fot\u00f3sokat onnan ismered meg, hogy a k\u00e9p hangulata, a modell arckifejez\u00e9se, a modell sminkje, haja \u00e9s a ruh\u00e1ja egy olyan st\u00edlust \u00e9s \u00e9rz\u00e9st k\u00e9pvisel, ami a t\u00e9ma, jelen esetben a modell vagy modellek arc\u00e1ra van \u00edrva. Ezt a harm\u00f3ni\u00e1t kell tudni megteremteni \u00e9s ennek megfelel\u0151en kompon\u00e1lni a k\u00e9peket. Min\u00e9l t\u00f6bb a szerepl\u0151s a k\u00e9p, ann\u00e1l nehezebb ezt.&nbsp;<\/p>\n\n\n\n<p>MEGEML\u00cdTENI P\u00c1R J\u00d3 PORTR\u00c9FOT\u00d3ST<\/p>\n\n\n\n<p>\u00c9rdekes, hogy ahogy a vil\u00e1g v\u00e1ltozott jelentek meg a portr\u00e9z\u00e1snak az \u00fajabb \u00e9s \u00fajabb fajt\u00e1i. N\u00e9zz\u00fck is milyenek vannak \u00e9s menj\u00fcnk r\u00f6videb v\u00e9gig rajtuk. Csoportos\u00edt\u00e1s szempontja, hogy mi a felhaszn\u00e1l\u00e1s c\u00e9lja \u00e9s annak saj\u00e1toss\u00e1gai.<\/p>\n\n\n\n<h3 class=\"wp-block-heading\"><strong>Egy\u00e9ni vagy csal\u00e1di portr\u00e9k<\/strong><\/h3>\n\n\n\n<p>Itt t\u00f6bb alkateg\u00f3ri\u00e1t tudn\u00e9k felsorolni, de az egyszer\u0171s\u00e9g kedv\u00e9\u00e9rt most maradjunk meg enn\u00e9l. A legf\u0151bb motiv\u00e1ci\u00f3ja itt a modellnek, hogy legyen \u00f6nmag\u00e1r\u00f3l vagy csal\u00e1dj\u00e1r\u00f3l olyan k\u00e9pe, amelyre r\u00e1n\u00e9zve melegs\u00e9g \u00f6nti el a sz\u00edv\u00e9t \u00e9s olyan eml\u00e9keket \u00e9breszt benne amelyekre sz\u00edvesen gondol.<\/p>\n\n\n\n<p>Megkeres\u00e9s jellege: itt a fot\u00f3st legt\u00f6bb esetben a modell vagy annak hozz\u00e1tartoz\u00f3ja keresi meg \u00e9s ad egy konkr\u00e9t elk\u00e9pzel\u00e9st milyen k\u00e9peket szeretne. \u201ecsak kell p\u00e1r j\u00f3 k\u00e9p r\u00f3lam\u201d, \u201ekell a falra egy k\u00e9pkoll\u00e1zs \u00e9s ahhoz szeretn\u00e9m a csal\u00e1dot befot\u00f3zni\u201d&nbsp;<\/p>\n\n\n\n<p>Helysz\u00edn\u00e9t tekintve itt lehet otthoni fot\u00f3z\u00e1s, st\u00fadi\u00f3 vagy ak\u00e1r k\u00fclt\u00e9ri is. A gyorsas\u00e1g \u00e9s a rugalmass\u00e1g miatt a legt\u00f6bben a st\u00fadi\u00f3kat v\u00e1lasztj\u00e1k, mert ott t\u00f6bb enteri\u00f6rben is meg lehet egy t\u00e9m\u00e1t fot\u00f3zni r\u00f6vid id\u0151n bel\u00fcl.<\/p>\n\n\n\n<p>Itt lehetnek olyan alkateg\u00f3ri\u00e1k, mint:<\/p>\n\n\n\n<p>&#8211; &nbsp; &nbsp; &nbsp; Csal\u00e1di portr\u00e9<\/p>\n\n\n\n<p>&#8211; &nbsp; &nbsp; &nbsp; Eljegyz\u00e9si fot\u00f3z\u00e1s<\/p>\n\n\n\n<p>&#8211; &nbsp; &nbsp; &nbsp; Kismama fot\u00f3z\u00e1s<\/p>\n\n\n\n<p>&#8211; &nbsp; &nbsp; &nbsp; Kisbaba fot\u00f3z\u00e1s<\/p>\n\n\n\n<p>&#8211; &nbsp; &nbsp; &nbsp; Egy\u00e9ni portr\u00e9fot\u00f3z\u00e1s<\/p>\n\n\n\n<p>&#8211; &nbsp; &nbsp; &nbsp; T\u00e1rskeres\u0151 fot\u00f3z\u00e1s, Tinder fot\u00f3z\u00e1s (igen ez val\u00f3ban l\u00e9tezik)<\/p>\n\n\n\n<h4 class=\"wp-block-heading\">Portr\u00e9fot\u00f3s\u00f3k akiket k\u00f6vetek<\/h4>\n\n\n\n<p><a href=\"https:\/\/www.seantucker.photography\">Sean Tucker portr\u00e9 \u00e9s utcai fot\u00f3s<\/a><\/p>\n\n\n\n<figure class=\"wp-block-gallery has-nested-images columns-default is-cropped wp-block-gallery-1 is-layout-flex wp-block-gallery-is-layout-flex\">\n<figure class=\"wp-block-image size-large\"><img fetchpriority=\"high\" decoding=\"async\" width=\"655\" height=\"1000\" data-id=\"24191\" src=\"https:\/\/redfox.photos\/wp-content\/uploads\/2022\/02\/SeanTucker-photography_portefoto_2.jpg\" alt=\"Portr\u00e9fot\u00f3z\u00e1s alapjai, Sean Tucker\" class=\"wp-image-24191\"\/><\/figure>\n\n\n\n<figure class=\"wp-block-image size-large\"><img decoding=\"async\" width=\"1000\" height=\"668\" data-id=\"24192\" src=\"https:\/\/redfox.photos\/wp-content\/uploads\/2022\/02\/SeanTucker-photography_portefoto_3.jpg\" alt=\"Portr\u00e9fot\u00f3z\u00e1s alapjai, Sean Tucker\" class=\"wp-image-24192\" srcset=\"https:\/\/redfox.photos\/wp-content\/uploads\/2022\/02\/SeanTucker-photography_portefoto_3.jpg 1000w, https:\/\/redfox.photos\/wp-content\/uploads\/2022\/02\/SeanTucker-photography_portefoto_3-800x534.jpg 800w, https:\/\/redfox.photos\/wp-content\/uploads\/2022\/02\/SeanTucker-photography_portefoto_3-600x400.jpg 600w\" sizes=\"(max-width: 1000px) 100vw, 1000px\" \/><\/figure>\n\n\n\n<figure class=\"wp-block-image size-large\"><img decoding=\"async\" width=\"653\" height=\"1000\" data-id=\"24193\" src=\"https:\/\/redfox.photos\/wp-content\/uploads\/2022\/02\/SeanTucker-photography_portefoto.jpg\" alt=\"Portr\u00e9fot\u00f3z\u00e1s alapjai, Sean Tucker\" class=\"wp-image-24193\"\/><\/figure>\n<\/figure>\n\n\n\n<p><a rel=\"noreferrer noopener\" href=\"https:\/\/www.markseliger.com\" target=\"_blank\">Mark S<\/a><a href=\"https:\/\/www.markseliger.com\" target=\"_blank\" rel=\"noreferrer noopener\">e<\/a><a rel=\"noreferrer noopener\" href=\"https:\/\/www.markseliger.com\" target=\"_blank\">liger divat \u00e9s portr\u00e9fot\u00f3s<\/a><\/p>\n\n\n\n<figure class=\"wp-block-gallery has-nested-images columns-default is-cropped wp-block-gallery-2 is-layout-flex wp-block-gallery-is-layout-flex\">\n<figure class=\"wp-block-image size-large\"><img loading=\"lazy\" decoding=\"async\" width=\"800\" height=\"599\" data-id=\"24194\" src=\"https:\/\/redfox.photos\/wp-content\/uploads\/2022\/02\/Mark-Seliger-portraits_2.jpg\" alt=\"Portr\u00e9fot\u00f3z\u00e1s alapjai, Michael Saliger\" class=\"wp-image-24194\" srcset=\"https:\/\/redfox.photos\/wp-content\/uploads\/2022\/02\/Mark-Seliger-portraits_2.jpg 800w, https:\/\/redfox.photos\/wp-content\/uploads\/2022\/02\/Mark-Seliger-portraits_2-320x240.jpg 320w\" sizes=\"(max-width: 800px) 100vw, 800px\" \/><\/figure>\n\n\n\n<figure class=\"wp-block-image size-large\"><img loading=\"lazy\" decoding=\"async\" width=\"800\" height=\"969\" data-id=\"24195\" src=\"https:\/\/redfox.photos\/wp-content\/uploads\/2022\/02\/Mark-Seliger-portraits_3.jpg\" alt=\"Portr\u00e9fot\u00f3z\u00e1s alapjai, Michael Saliger\" class=\"wp-image-24195\"\/><\/figure>\n\n\n\n<figure class=\"wp-block-image size-large\"><img loading=\"lazy\" decoding=\"async\" width=\"787\" height=\"1000\" data-id=\"24196\" src=\"https:\/\/redfox.photos\/wp-content\/uploads\/2022\/02\/Mark-Seliger-portraits.jpg\" alt=\"Divatfot\u00f3z\u00e1s\" class=\"wp-image-24196\"\/><\/figure>\n<\/figure>\n\n\n\n<h3 class=\"wp-block-heading\"><strong>Rekl\u00e1mfot\u00f3z\u00e1s<\/strong><\/h3>\n\n\n\n<p>Az egyik legnehezebb azonban a legdinamikusabban fejl\u0151d\u0151 fot\u00f3z\u00e1si t\u00edpus a rekl\u00e1mfot\u00f3z\u00e1s. Itt kiemeln\u00e9m, hogy manaps\u00e1g az, aki rekl\u00e1mfot\u00f3s annak rekl\u00e1m vide\u00f3snak is kell egyben lennie, mert a mai m\u00e9dia felhaszn\u00e1l\u00e1si szok\u00e1sok megk\u00edv\u00e1nj\u00e1k a dinamikus tartalmakat.&nbsp;<\/p>\n\n\n\n<p>Megkeres\u00e9s jellege: Itt \u00e1ltal\u00e1ban egy c\u00e9g vagy egy \u00fcgyn\u00f6ks\u00e9g keresi meg a fot\u00f3st \u00e9s ad egy konkr\u00e9t briefet. A brief tartalmazza, hogy mit kell fot\u00f3zni, mi\u00e9rt \u00e9s hol lesz az haszn\u00e1lva, valamint mennyi ideig. Ezek ut\u00e1n a fot\u00f3s j\u00f6n egy javaslattal hangulatra \u00e9s koncepci\u00f3ra, amely egyezik vagy idomul a megrendel\u0151 arculat\u00e1hoz. Egy <a href=\"https:\/\/www.adambertalan.com\" target=\"_blank\" rel=\"noreferrer noopener\">j\u00f3 rekl\u00e1mfot\u00f3s<\/a> nem mag\u00e1t szeretn\u00e9 belevinni egy rekl\u00e1m fot\u00f3z\u00e1sba, hanem az \u00fcgyf\u00e9l c\u00e9ljaihoz igaz\u00edtja a fot\u00f3z\u00e1si st\u00edlus\u00e1t. \u00cdgy marad \u00f6nazonos \u00e9s tud megel\u00e9ged\u00e9s\u00e9re lenni mindenkinek.&nbsp;<\/p>\n\n\n\n<p>Helysz\u00edn\u00e9t tekintve itt b\u00e1rmi lehet. F\u00fcgg a rekl\u00e1moz\u00f3 term\u00e9k\u00e9t\u0151l \u00e9s a koncepci\u00f3t\u00f3l \u00e9s att\u00f3l milyen c\u00e9lpiacra dolgozunk. Lenn h\u00e1rom k\u00e9pet l\u00e1thattok egy nagyszer\u0171 magyar fot\u00f3st\u00f3l Bertalan \u00c1d\u00e1mt\u00f3l.<\/p>\n\n\n\n<div class=\"wp-block-columns is-layout-flex wp-container-core-columns-is-layout-9d6595d7 wp-block-columns-is-layout-flex\">\n<div class=\"wp-block-column is-layout-flow wp-block-column-is-layout-flow\" style=\"flex-basis:100%\">\n<figure class=\"wp-block-gallery has-nested-images columns-default is-cropped wp-block-gallery-3 is-layout-flex wp-block-gallery-is-layout-flex\">\n<figure class=\"wp-block-image size-large\"><img loading=\"lazy\" decoding=\"async\" width=\"1160\" height=\"724\" data-id=\"24172\" src=\"https:\/\/redfox.photos\/wp-content\/uploads\/2022\/02\/Screenshot-2022-02-05-at-13.09.17-1160x724.png\" alt=\"Fluor Tomi rekl\u00e1mfot\u00f3\" class=\"wp-image-24172\" srcset=\"https:\/\/redfox.photos\/wp-content\/uploads\/2022\/02\/Screenshot-2022-02-05-at-13.09.17-1160x724.png 1160w, https:\/\/redfox.photos\/wp-content\/uploads\/2022\/02\/Screenshot-2022-02-05-at-13.09.17-800x499.png 800w, https:\/\/redfox.photos\/wp-content\/uploads\/2022\/02\/Screenshot-2022-02-05-at-13.09.17-1536x958.png 1536w, https:\/\/redfox.photos\/wp-content\/uploads\/2022\/02\/Screenshot-2022-02-05-at-13.09.17-2048x1278.png 2048w, https:\/\/redfox.photos\/wp-content\/uploads\/2022\/02\/Screenshot-2022-02-05-at-13.09.17.png 1200w\" sizes=\"(max-width: 1160px) 100vw, 1160px\" \/><\/figure>\n\n\n\n<figure class=\"wp-block-image size-large\"><img loading=\"lazy\" decoding=\"async\" width=\"1160\" height=\"1738\" data-id=\"24173\" src=\"https:\/\/redfox.photos\/wp-content\/uploads\/2022\/02\/Screenshot-2022-02-05-at-13.09.33-1160x1738.png\" alt=\"Hossz\u00fa Katinka portr\u00e9fot\u00f3\" class=\"wp-image-24173\" srcset=\"https:\/\/redfox.photos\/wp-content\/uploads\/2022\/02\/Screenshot-2022-02-05-at-13.09.33-1160x1738.png 1160w, https:\/\/redfox.photos\/wp-content\/uploads\/2022\/02\/Screenshot-2022-02-05-at-13.09.33-800x1198.png 800w, https:\/\/redfox.photos\/wp-content\/uploads\/2022\/02\/Screenshot-2022-02-05-at-13.09.33-1025x1536.png 1025w, https:\/\/redfox.photos\/wp-content\/uploads\/2022\/02\/Screenshot-2022-02-05-at-13.09.33-1367x2048.png 1367w, https:\/\/redfox.photos\/wp-content\/uploads\/2022\/02\/Screenshot-2022-02-05-at-13.09.33.png 668w\" sizes=\"(max-width: 1160px) 100vw, 1160px\" \/><\/figure>\n\n\n\n<figure class=\"wp-block-image size-large\"><img loading=\"lazy\" decoding=\"async\" width=\"1160\" height=\"1738\" data-id=\"24174\" src=\"https:\/\/redfox.photos\/wp-content\/uploads\/2022\/02\/Screenshot-2022-02-05-at-13.09.45-1160x1738.png\" alt=\"Stephanie Davis Dubai fot\u00f3z\u00e1s\" class=\"wp-image-24174\" srcset=\"https:\/\/redfox.photos\/wp-content\/uploads\/2022\/02\/Screenshot-2022-02-05-at-13.09.45-1160x1738.png 1160w, https:\/\/redfox.photos\/wp-content\/uploads\/2022\/02\/Screenshot-2022-02-05-at-13.09.45-800x1199.png 800w, https:\/\/redfox.photos\/wp-content\/uploads\/2022\/02\/Screenshot-2022-02-05-at-13.09.45-1025x1536.png 1025w, https:\/\/redfox.photos\/wp-content\/uploads\/2022\/02\/Screenshot-2022-02-05-at-13.09.45-1367x2048.png 1367w, https:\/\/redfox.photos\/wp-content\/uploads\/2022\/02\/Screenshot-2022-02-05-at-13.09.45.png 667w\" sizes=\"(max-width: 1160px) 100vw, 1160px\" \/><\/figure>\n<figcaption class=\"blocks-gallery-caption wp-element-caption\">Bertalan \u00c1d\u00e1m rekl\u00e1m \u00e9s portr\u00e9fot\u00f3s<\/figcaption><\/figure>\n<\/div>\n<\/div>\n\n\n\n<h3 class=\"wp-block-heading\"><strong>Akt vagy glamour fot\u00f3z\u00e1s<\/strong><\/h3>\n\n\n\n<p>Szint\u00e9n egy nagyon dinamikusan fejl\u0151d\u0151 fot\u00f3z\u00e1si \u00e1gazat ugyanis egyre t\u00f6bb \u00e9s t\u00f6bb, f\u0151leg n\u0151, szeretne olyan k\u00e9peket mag\u00e1r\u00f3l, amely megmutatja az \u0150 n\u0151iess\u00e9g\u00e9t \u00e9s sz\u00e9ps\u00e9g\u00e9t. Itt nem keverend\u0151 \u00f6ssze egy\u00e9b sexu\u00e1lis fot\u00f3z\u00e1ssal, a glamour szinte mindig egy f\u0151 lenge ruh\u00e1ban, feh\u00e9rnem\u0171ben nagy \u00e9pp als\u00f3 vagy fels\u0151 n\u00e9lk\u00fcli. Itt a modellek keresik fel a fot\u00f3st a legt\u00f6bb esetben a motiv\u00e1ci\u00f3, hogy meglepj\u00e9k magukat \u00e9s legyen \u00f6nmagukr\u00f3l olyan k\u00e9p\u00fck, amikor a legsexybbnek \u00e9rezt\u00e9k magukat vagy \u00e9ppen a p\u00e1rjukat szeretn\u00e9k meglepni ezzel az aj\u00e1nd\u00e9kkal.&nbsp;<\/p>\n\n\n\n<p>Helysz\u00edn a legt\u00f6bb esetben lak\u00e1s studi\u00f3 vagy st\u00fadi\u00f3, de vannak bev\u00e1llal\u00f3sak, akik a term\u00e9szet l\u00e1gy \u00f6l\u00e9n szeretik ezt a m\u0171fajt \u0171zni. Itt m\u00e1r csak a kreativit\u00e1sod szabhat hat\u00e1rokat. Ha \u00e9rdekelnek az <a href=\"https:\/\/redfox.photos\/en\/portrek\/\" target=\"_blank\" rel=\"noreferrer noopener\">\u00e9n glamour fot\u00f3im katt a linkre.<\/a><\/p>\n\n\n\n<figure class=\"wp-block-gallery has-nested-images columns-default is-cropped wp-block-gallery-4 is-layout-flex wp-block-gallery-is-layout-flex\">\n<figure class=\"wp-block-image size-large\"><img loading=\"lazy\" decoding=\"async\" width=\"1160\" height=\"1166\" data-id=\"24178\" src=\"https:\/\/redfox.photos\/wp-content\/uploads\/2022\/02\/Luke-Craft-photography_2-1160x1166.jpg\" alt=\"N\u00e9met Playboy fot\u00f3z\u00e1s Luke Craft\" class=\"wp-image-24178\" srcset=\"https:\/\/redfox.photos\/wp-content\/uploads\/2022\/02\/Luke-Craft-photography_2-1160x1166.jpg 1160w, https:\/\/redfox.photos\/wp-content\/uploads\/2022\/02\/Luke-Craft-photography_2-800x804.jpg 800w, https:\/\/redfox.photos\/wp-content\/uploads\/2022\/02\/Luke-Craft-photography_2-1528x1536.jpg 1528w, https:\/\/redfox.photos\/wp-content\/uploads\/2022\/02\/Luke-Craft-photography_2.jpg 995w\" sizes=\"(max-width: 1160px) 100vw, 1160px\" \/><\/figure>\n\n\n\n<figure class=\"wp-block-image size-large\"><img loading=\"lazy\" decoding=\"async\" width=\"1160\" height=\"1445\" data-id=\"24179\" src=\"https:\/\/redfox.photos\/wp-content\/uploads\/2022\/02\/Luke-Craft-photography_3-1160x1445.jpg\" alt=\"N\u00e9met Playboy fot\u00f3z\u00e1s Luke Craft\" class=\"wp-image-24179\" srcset=\"https:\/\/redfox.photos\/wp-content\/uploads\/2022\/02\/Luke-Craft-photography_3-1160x1445.jpg 1160w, https:\/\/redfox.photos\/wp-content\/uploads\/2022\/02\/Luke-Craft-photography_3-800x996.jpg 800w, https:\/\/redfox.photos\/wp-content\/uploads\/2022\/02\/Luke-Craft-photography_3-1233x1536.jpg 1233w, https:\/\/redfox.photos\/wp-content\/uploads\/2022\/02\/Luke-Craft-photography_3.jpg 803w\" sizes=\"(max-width: 1160px) 100vw, 1160px\" \/><\/figure>\n\n\n\n<figure class=\"wp-block-image size-large\"><img loading=\"lazy\" decoding=\"async\" width=\"1160\" height=\"1336\" data-id=\"24180\" src=\"https:\/\/redfox.photos\/wp-content\/uploads\/2022\/02\/Luke-Craft-photography_4-1160x1336.jpg\" alt=\"N\u00e9met Playboy fot\u00f3z\u00e1s Luke Craft\" class=\"wp-image-24180\" srcset=\"https:\/\/redfox.photos\/wp-content\/uploads\/2022\/02\/Luke-Craft-photography_4-1160x1336.jpg 1160w, https:\/\/redfox.photos\/wp-content\/uploads\/2022\/02\/Luke-Craft-photography_4-800x921.jpg 800w, https:\/\/redfox.photos\/wp-content\/uploads\/2022\/02\/Luke-Craft-photography_4-1334x1536.jpg 1334w, https:\/\/redfox.photos\/wp-content\/uploads\/2022\/02\/Luke-Craft-photography_4-1778x2048.jpg 1778w, https:\/\/redfox.photos\/wp-content\/uploads\/2022\/02\/Luke-Craft-photography_4.jpg 868w\" sizes=\"(max-width: 1160px) 100vw, 1160px\" \/><\/figure>\n\n\n\n<figure class=\"wp-block-image size-large\"><img loading=\"lazy\" decoding=\"async\" width=\"1160\" height=\"1156\" data-id=\"24181\" src=\"https:\/\/redfox.photos\/wp-content\/uploads\/2022\/02\/Luke-Craft-photography_5-1160x1156.jpg\" alt=\"N\u00e9met Playboy fot\u00f3z\u00e1s Luke Craft\" class=\"wp-image-24181\" srcset=\"https:\/\/redfox.photos\/wp-content\/uploads\/2022\/02\/Luke-Craft-photography_5-1160x1156.jpg 1160w, https:\/\/redfox.photos\/wp-content\/uploads\/2022\/02\/Luke-Craft-photography_5-800x797.jpg 800w, https:\/\/redfox.photos\/wp-content\/uploads\/2022\/02\/Luke-Craft-photography_5.jpg 1003w\" sizes=\"(max-width: 1160px) 100vw, 1160px\" \/><\/figure>\n\n\n\n<figure class=\"wp-block-image size-large\"><img loading=\"lazy\" decoding=\"async\" width=\"1160\" height=\"1459\" data-id=\"24182\" src=\"https:\/\/redfox.photos\/wp-content\/uploads\/2022\/02\/Luke-Craft-photography_6-1160x1459.jpg\" alt=\"N\u00e9met Playboy fot\u00f3z\u00e1s Luke Craft\" class=\"wp-image-24182\" srcset=\"https:\/\/redfox.photos\/wp-content\/uploads\/2022\/02\/Luke-Craft-photography_6-1160x1459.jpg 1160w, https:\/\/redfox.photos\/wp-content\/uploads\/2022\/02\/Luke-Craft-photography_6-800x1006.jpg 800w, https:\/\/redfox.photos\/wp-content\/uploads\/2022\/02\/Luke-Craft-photography_6.jpg 795w\" sizes=\"(max-width: 1160px) 100vw, 1160px\" \/><\/figure>\n\n\n\n<figure class=\"wp-block-image size-large\"><img loading=\"lazy\" decoding=\"async\" width=\"800\" height=\"999\" data-id=\"24183\" src=\"https:\/\/redfox.photos\/wp-content\/uploads\/2022\/02\/Luke-Craft-photography.jpg\" alt=\"N\u00e9met Playboy fot\u00f3z\u00e1s Luke Craft\" class=\"wp-image-24183\"\/><\/figure>\n<figcaption class=\"blocks-gallery-caption wp-element-caption\">Luke Craft budoir \u00e9s Glamour fot\u00f3s<\/figcaption><\/figure>\n\n\n\n<h3 class=\"wp-block-heading\"><strong>\u00dczleti fot\u00f3z\u00e1s, \u00d6n\u00e9letrajz fot\u00f3z\u00e1s vagy LinkedIN fot\u00f3z\u00e1s<\/strong><\/h3>\n\n\n\n<div class=\"wp-block-media-text alignwide is-stacked-on-mobile\" style=\"grid-template-columns:30% auto\"><figure class=\"wp-block-media-text__media\"><img loading=\"lazy\" decoding=\"async\" width=\"714\" height=\"1000\" src=\"https:\/\/redfox.photos\/wp-content\/uploads\/2022\/02\/Oneletrajz-fotozas.jpg\" alt=\"\u00d6n\u00e9letrajz portr\u00e9fot\u00f3z\u00e1s\" class=\"wp-image-24210 size-full\"\/><\/figure><div class=\"wp-block-media-text__content\">\n<p class=\"has-normal-font-size\">Ahogy fejl\u0151d\u00f6tt a technol\u00f3gia \u00e9s a marketing ig\u00e9nyek, valamint fontoss\u00e1 v\u00e1lt, hogy legyen professzion\u00e1lis megjelen\u00e9se egy szakembernek elkezdett ez a szak\u00e1g d\u00fcb\u00f6r\u00f6gni. <\/p>\n\n\n\n<p class=\"has-normal-font-size\">Itt az egyszer\u0171 <strong>LinkedIN portr\u00e9kt\u00f3l<\/strong> kezdve a szakmai oldalakra t\u00f6rt\u00e9n\u0151 fot\u00f3z\u00e1son \u00e1t k\u00fcl\u00f6nb\u00f6z\u0151 karrier, vagy ak\u00e1r <strong>\u00f6n\u00e9letrajz fot\u00f3z\u00e1son<\/strong> kereszt\u00fcl minden megjelent. <\/p>\n\n\n\n<p class=\"has-normal-font-size\">Tal\u00e1n a legfontosabb itt megeml\u00edteni, hogy itt hi\u00e1ba a modell a megrendel\u0151 az esetek t\u00falnyom\u00f3 t\u00f6bbs\u00e9g\u00e9ben a k\u00e9pek nem saj\u00e1t maguknak k\u00e9sz\u00fclnek, hanem egy megadott c\u00e9llal:<\/p>\n<\/div><\/div>\n\n\n\n<p>\u00d6n\u00e9letrajz portr\u00e9 fot\u00f3<\/p>\n\n\n\n<p>Tal\u00e1n a legfontosabb itt megeml\u00edteni, hogy itt hi\u00e1ba a modell a megrendel\u0151 az esetek t\u00falnyom\u00f3 t\u00f6bbs\u00e9g\u00e9ben a k\u00e9pek nem saj\u00e1t maguknak k\u00e9sz\u00fclnek, hanem egy megadott c\u00e9llal:<\/p>\n\n\n\n<blockquote class=\"wp-block-quote is-style-large is-layout-flow wp-block-quote-is-layout-flow\">\n<p>\u201eKeltsek j\u00f3 benyom\u00e1st egy \u00fcgyf\u00e9l, egy partner vagy ak\u00e1r egy leend\u0151 munk\u00e1ltat\u00f3ban.\u201d<\/p>\n<\/blockquote>\n\n\n\n<p>Kutat\u00e1sok bizony\u00edtj\u00e1k, hogy egy HR munkat\u00e1rs amikor kiv\u00e1laszt\u00e1si folyamatban az \u00f6n\u00e9letrajzokat n\u00e9zik az els\u0151 \u00e9s legfontosabb szempont, hogy milyen k\u00e9pet k\u00fcldd be a jelentkez\u0151. Ha nem tetszik a k\u00e9p akkor az \u00f6n\u00e9letrajz az esetek t\u00f6bbs\u00e9g\u00e9ben a fi\u00f3kban v\u00e9gzi.&nbsp;<a href=\"https:\/\/redfox.photos\/en\/csomag-valaszto-form-portre\/\">Te is szeretn\u00e9l egyedi k\u00e9peket? katt ide<\/a><\/p>\n\n\n\n<p>Itt a legf\u0151bb motiv\u00e1ci\u00f3 m\u00e1r nem az, hogy kit\u0171nj a t\u00f6bbi CV k\u00f6z\u00fcl, hanem hogy egy\u00e1ltal\u00e1n ne ker\u00fclj a fi\u00f3kba.&nbsp; Fontos teh\u00e1t, hogy legyenek j\u00f3 k\u00e9pek r\u00f3lad olyanok, amelyek bizalmat keltenek \u00e9s megmutatj\u00e1k azt az arcod, ami a munk\u00e1ltat\u00f3ban vagy partnerben megteremti azt az els\u0151 benyom\u00e1st, amire k\u00e9s\u0151bb nem lesz lehet\u0151s\u00e9ged.<\/p>\n\n\n\n<blockquote class=\"wp-block-quote is-style-large is-layout-flow wp-block-quote-is-layout-flow\">\n<p>\u201eEls\u0151 benyom\u00e1s csak egy van! Tegy\u00e9l \u00e9rte, hogy az maradand\u00f3 legyen!\u201d<\/p>\n<\/blockquote>\n\n\n\n<h3 class=\"wp-block-heading\"><strong>Esem\u00e9ny vagy rendezv\u00e9ny fot\u00f3z\u00e1s<\/strong><\/h3>\n\n\n\n<p>Az esk\u00fcv\u0151k\u00f6n \u00e1t a rendezv\u00e9nyek \u00e9s konferenci\u00e1k fot\u00f3z\u00e1s\u00e1t\u00f3l kezdve minden olyat ide\u00e9rtek, ahol a fot\u00f3s egy tematika k\u00f6r\u00e9 csoportosul emberekr\u0151l k\u00e9sz\u00edt vagy portr\u00e9kat vagy kv\u00e1zi \u00fajs\u00e1g\u00edr\u00f3i dokumentarista k\u00e9peket.<\/p>\n\n\n\n<p>Ami legink\u00e1bb a portr\u00e9fot\u00f3z\u00e1shoz kapcsol\u00f3dik az az esk\u00fcv\u0151 fot\u00f3z\u00e1s, hiszen ott van 2 kiemelt szem\u00e9ly, akiknek \u00e9let\u00fck egyik, rem\u00e9lhet\u0151leg pozit\u00edvan, meghat\u00e1roz\u00f3 napj\u00e1t \u00e9s pillanatait kell meg\u00f6r\u00f6k\u00edteni. Egy esk\u00fcv\u0151nek mindig a p\u00e1rr\u00f3l kell sz\u00f3lni \u00e9s a legt\u00f6bb esetben pont a friss h\u00e1zasok nem \u00e9rzik ezt, mert annyi mindenre kell figyelni, de a<a rel=\"noreferrer noopener\" href=\"https:\/\/www.panamyphoto.hu\" target=\"_blank\"> j\u00f3 esk\u00fcv\u0151 fot\u00f3s<\/a> elkapja azokat az \u00f6nfeledt pillanatokat, amelyekben ezek a terhek leker\u00fcltek a p\u00e1rr\u00f3l. Fontos, hogy ne tolakod\u00f3 legy\u00e9l a &#8220;rendezv\u00e9nyeken&#8221; hanem egy \u00e9szrevehetetlen \u00e1rny\u00e9k aki mindig ott van ahol a t\u00f6rt\u00e9n\u00e9s. C\u00e9lszer\u0171 ilyenkor 2 kamera v\u00e1zzal fot\u00f3zni, egyiken egy nagyl\u00e1t\u00f3sz\u00f6g\u0171 objekt\u00edvvel, m\u00e1sikon meg egy zoom lencs\u00e9vel. pl egyiken egy 35 mm fix lencs\u00e9vel m\u00e1sikon pedig 70-200 objekt\u00edvvel&#8230; Ez a fot\u00f3z\u00e1si st\u00edlusod fej\u00e9ben id\u0151vel \u00fagyis kialakul, hogy neked mi a preferenci\u00e1d.<\/p>\n\n\n\n<figure class=\"wp-block-gallery has-nested-images columns-default is-cropped wp-block-gallery-5 is-layout-flex wp-block-gallery-is-layout-flex\">\n<figure class=\"wp-block-image size-large\"><a href=\"https:\/\/redfox.photos\/en\/fotozas\/portre-fotozas-alapjai-es-technikai-feltetelei-kezdoknek\/attachment\/panamy_eskuvofotos\/\"><img loading=\"lazy\" decoding=\"async\" width=\"1160\" height=\"776\" data-id=\"24186\" src=\"https:\/\/redfox.photos\/wp-content\/uploads\/2022\/02\/Panamy_eskuvofotos-1160x776.jpg\" alt=\"Panamy esk\u00fcv\u0151fot\u00f3s\" class=\"wp-image-24186\" srcset=\"https:\/\/redfox.photos\/wp-content\/uploads\/2022\/02\/Panamy_eskuvofotos-1160x776.jpg 1160w, https:\/\/redfox.photos\/wp-content\/uploads\/2022\/02\/Panamy_eskuvofotos-800x535.jpg 800w, https:\/\/redfox.photos\/wp-content\/uploads\/2022\/02\/Panamy_eskuvofotos-1536x1028.jpg 1536w, https:\/\/redfox.photos\/wp-content\/uploads\/2022\/02\/Panamy_eskuvofotos-600x400.jpg 600w, https:\/\/redfox.photos\/wp-content\/uploads\/2022\/02\/Panamy_eskuvofotos.jpg 1200w\" sizes=\"(max-width: 1160px) 100vw, 1160px\" \/><\/a><\/figure>\n\n\n\n<figure class=\"wp-block-image size-large\"><a href=\"https:\/\/redfox.photos\/en\/fotozas\/portre-fotozas-alapjai-es-technikai-feltetelei-kezdoknek\/attachment\/panamy_eskuvofotos_2\/\"><img loading=\"lazy\" decoding=\"async\" width=\"1160\" height=\"772\" data-id=\"24187\" src=\"https:\/\/redfox.photos\/wp-content\/uploads\/2022\/02\/Panamy_eskuvofotos_2-1160x772.jpg\" alt=\"Panamy esk\u00fcv\u0151fot\u00f3s\" class=\"wp-image-24187\" srcset=\"https:\/\/redfox.photos\/wp-content\/uploads\/2022\/02\/Panamy_eskuvofotos_2-1160x772.jpg 1160w, https:\/\/redfox.photos\/wp-content\/uploads\/2022\/02\/Panamy_eskuvofotos_2-800x532.jpg 800w, https:\/\/redfox.photos\/wp-content\/uploads\/2022\/02\/Panamy_eskuvofotos_2-1536x1022.jpg 1536w, https:\/\/redfox.photos\/wp-content\/uploads\/2022\/02\/Panamy_eskuvofotos_2-600x400.jpg 600w, https:\/\/redfox.photos\/wp-content\/uploads\/2022\/02\/Panamy_eskuvofotos_2.jpg 1200w\" sizes=\"(max-width: 1160px) 100vw, 1160px\" \/><\/a><\/figure>\n\n\n\n<figure class=\"wp-block-image size-large\"><a href=\"https:\/\/redfox.photos\/en\/fotozas\/portre-fotozas-alapjai-es-technikai-feltetelei-kezdoknek\/attachment\/panamy_eskuvofotos_3\/\"><img loading=\"lazy\" decoding=\"async\" width=\"1160\" height=\"772\" data-id=\"24188\" src=\"https:\/\/redfox.photos\/wp-content\/uploads\/2022\/02\/Panamy_eskuvofotos_3-1160x772.jpg\" alt=\"Panamy esk\u00fcv\u0151fot\u00f3s\" class=\"wp-image-24188\" srcset=\"https:\/\/redfox.photos\/wp-content\/uploads\/2022\/02\/Panamy_eskuvofotos_3-1160x772.jpg 1160w, https:\/\/redfox.photos\/wp-content\/uploads\/2022\/02\/Panamy_eskuvofotos_3-800x533.jpg 800w, https:\/\/redfox.photos\/wp-content\/uploads\/2022\/02\/Panamy_eskuvofotos_3-1536x1022.jpg 1536w, https:\/\/redfox.photos\/wp-content\/uploads\/2022\/02\/Panamy_eskuvofotos_3-600x400.jpg 600w, https:\/\/redfox.photos\/wp-content\/uploads\/2022\/02\/Panamy_eskuvofotos_3.jpg 1200w\" sizes=\"(max-width: 1160px) 100vw, 1160px\" \/><\/a><\/figure>\n<figcaption class=\"blocks-gallery-caption wp-element-caption\">Panamy esk\u00fcv\u0151 \u00e9s portr\u00e9fot\u00f3s<\/figcaption><\/figure>\n\n\n\n<h3 class=\"wp-block-heading\"><strong>Candid \/ utcai portr\u00e9k<\/strong><\/h3>\n\n\n\n<p>Legt\u00f6bb esetben itt nincs kontroll sem nagy tervez\u00e9s. Ugyanis s\u00e9t\u00e1lsz az utc\u00e1n l\u00e1tsz egy \u00e9rdekes karakter \u00e9s lefot\u00f3zod, amennyiben ezt megengedi. Van, hogy egy megadott hangulatban szeretn\u00e9l fot\u00f3zni, vagy valamilyen t\u00e9m\u00e1k keresel, de nekem sokszor van az is, hogy csak set\u00e1lok \u00e9s ha l\u00e1tok valami \u00e9rdekesek akkor \u201elekapom\u201d. Fontos arra figyelned, hogy senkit ne s\u00e9rts meg a fot\u00f3ddal \u00e9s ha dedik\u00e1ltan r\u00f3la k\u00e9sz\u00edtesz k\u00e9pet k\u00e9rdezd meg, hogy szabad-e. Ezeket a k\u00e9peket a beleegyez\u00e9se n\u00e9lk\u00fcl hirdet\u00e9si \u00e9s kereskedelmi c\u00e9lokra \u00fagysem haszn\u00e1lhatod, de social tartalom vagy referencia tartalom lehet bel\u0151le. Ebben az EU jogszab\u00e1ly a m\u00e9rvad\u00f3 azonban orsz\u00e1gonk\u00e9nt lehet elt\u00e9r\u00e9s. M\u00e9g a BREXIT el\u0151tt az UK-ben az volt a mond\u00e1s, hogy b\u00e1rki b\u00e1rkir\u0151l k\u00e9sz\u00edthet k\u00e9pek az utc\u00e1n \u00e9s nem kell enged\u00e9lyt sem k\u00e9rnie.&nbsp;<\/p>\n\n\n\n<figure class=\"wp-block-gallery has-nested-images columns-default is-cropped wp-block-gallery-6 is-layout-flex wp-block-gallery-is-layout-flex\">\n<figure class=\"wp-block-image size-large\"><img loading=\"lazy\" decoding=\"async\" width=\"800\" height=\"1000\" data-id=\"24212\" src=\"https:\/\/redfox.photos\/wp-content\/uploads\/2022\/02\/DSC02759.jpg\" alt=\"Street portrait\" class=\"wp-image-24212\"\/><\/figure>\n\n\n\n<figure class=\"wp-block-image size-large\"><img loading=\"lazy\" decoding=\"async\" width=\"1160\" height=\"773\" data-id=\"24213\" src=\"https:\/\/redfox.photos\/wp-content\/uploads\/2022\/02\/DSC06224-1160x773.jpg\" alt=\"Street portrait\" class=\"wp-image-24213\" srcset=\"https:\/\/redfox.photos\/wp-content\/uploads\/2022\/02\/DSC06224-1160x773.jpg 1160w, https:\/\/redfox.photos\/wp-content\/uploads\/2022\/02\/DSC06224-800x533.jpg 800w, https:\/\/redfox.photos\/wp-content\/uploads\/2022\/02\/DSC06224-600x400.jpg 600w, https:\/\/redfox.photos\/wp-content\/uploads\/2022\/02\/DSC06224.jpg 1200w\" sizes=\"(max-width: 1160px) 100vw, 1160px\" \/><\/figure>\n\n\n\n<figure class=\"wp-block-image size-large\"><img loading=\"lazy\" decoding=\"async\" width=\"800\" height=\"1000\" data-id=\"24214\" src=\"https:\/\/redfox.photos\/wp-content\/uploads\/2022\/02\/DSC07234.jpg\" alt=\"Street portrait\" class=\"wp-image-24214\"\/><\/figure>\n<\/figure>\n\n\n\n<h2 class=\"wp-block-heading\"><strong>Portr\u00e9 fot\u00f3z\u00e1s technikai param\u00e9terei, mikre kell odafigyelned<\/strong>?<\/h2>\n\n\n\n<p>Sokf\u00e9le szempont van, de tal\u00e1n a legfontosabb, hogy itt kell a legjobban kontroll\u00e1lni a f\u00e9nyeket, hogy azt a hat\u00e1st \u00e9rd el, amit a k\u00e9ppel ki szeretn\u00e9l fejezni. Ahogy az elej\u00e9n is \u00edrtam a portr\u00e9 fot\u00f3kb\u00f3l nagy a kontroll a kezedben, haszn\u00e1ld! Menj\u00fcnk akkor sorban v\u00e9gig azokon, amikre mindenk\u00e9pp figyelned kell.<\/p>\n\n\n\n<h3 class=\"wp-block-heading\"><strong>L\u00e1mp\u00e1k \u00e9s egy\u00e9b f\u00e9nyek portr\u00e9 fot\u00f3z\u00e1shoz<\/strong><\/h3>\n\n\n\n<p>Mint minden fot\u00f3n\u00e1l itt is a f\u00e9ny a legfontosabb t\u00e9nyez\u0151. Legyen j\u00f3 f\u00e9nyed. Ne t\u00fal er\u0151s ne t\u00fal kev\u00e9s hacsak nem direkt ilyet keresel. A legegyszer\u0171bb, ha egy l\u00e1mp\u00e1val vagy vakuval dolgozol \u00e9s mell\u00e9 van m\u00e9g egy der\u00edt\u0151d. \u00c9n a legt\u00f6bb k\u00e9pem \u00edgy k\u00e9sz\u00edtettem szeretem az egy l\u00e1mp\u00e1s megold\u00e1sokat. A legfontosabb, hogy nagyon sokat kell gyakorolni t\u00f6bb modellel \u00e9s szitu\u00e1ci\u00f3ban. Javaslom, hogy ha szeretn\u00e9d megtanulni az alapokat akkor b\u00e9relj egy st\u00fadi\u00f3t 1-2 \u00f3r\u00e1ra, olyat, ahol a f\u00e9nyekkel kapcsolatban kapsz seg\u00edts\u00e9get. (pl. Sidelight st\u00fadi\u00f3) Mivel a vil\u00e1g \u00f6sszes p\u00e9nz\u00e9t el lehet k\u00f6lteni a fot\u00f3z\u00e1sra ez\u00e9rt \u00f6sszeszedtem nektek p\u00e1r nem annyira dr\u00e1ga eszk\u00f6zt ami kiindul\u00e1snak j\u00f3 tud lenni.<\/p>\n\n\n\n<figure class=\"wp-block-embed is-type-video is-provider-youtube wp-block-embed-youtube wp-embed-aspect-16-9 wp-has-aspect-ratio\"><div class=\"wp-block-embed__wrapper\">\n<iframe title=\"How to Create 30 Different Lighting Setups\" width=\"1200\" height=\"675\" src=\"https:\/\/www.youtube.com\/embed\/po7U7mUMu4g?feature=oembed&#038;enablejsapi=1&#038;origin=https:\/\/redfox.photos\" frameborder=\"0\" allow=\"accelerometer; autoplay; clipboard-write; encrypted-media; gyroscope; picture-in-picture; web-share\" allowfullscreen><\/iframe>\n<\/div><\/figure>\n\n\n\n<h4 class=\"wp-block-heading\"><strong>Der\u00edt\u0151&nbsp;haszn\u00e1lata a megfelel\u0151 portr\u00e9khoz<\/strong><\/h4>\n\n\n\n<p>Nagy hasznos tud lenni st\u00fadi\u00f3ban, de legink\u00e1bb a szabadt\u00e9ren aj\u00e1nlom a haszn\u00e1lat\u00e1t. Legyen n\u00e1lad egy tripod vagy egy seg\u00edt\u0151 az elej\u00e9n, hogy k\u00f6nnyebb leszem a dolgod. Ezt aj\u00e1nlom, olcs\u00f3 \u00e9s megb\u00edzhat\u00f3 \u00e9n is ezt haszn\u00e1lom: <a rel=\"noreferrer noopener\" href=\"https:\/\/www.amazon.de\/-\/en\/Neewer-1-Collapsible-Multi-Disc-Reflector-Transparent\/dp\/B004640V3C\/ref=sr_1_5?crid=1WH0WYWVSR2Z&amp;keywords=neewer+foto&amp;qid=1644003151&amp;sprefix=neewer+photo%2Caps%2C93&amp;sr=8-5\" target=\"_blank\">Neewer 43 inch 110 cm 5-in-1 Collapsible&nbsp;<\/a>der\u00edt\u0151.<\/p>\n\n\n\n<h4 class=\"wp-block-heading\"><strong>L\u00e1mp\u00e1k portr\u00e9fot\u00f3z\u00e1shoz<\/strong><\/h4>\n\n\n\n<p>Mivel a vakkuk nagyon dr\u00e1g\u00e1k \u00e9s amikor tanulsz vagy belekezdesz m\u00e9g nem kell a legjobb eszk\u00f6z mindenb\u0151l \u00edgy aj\u00e1nlom ezeket a l\u00e1mp\u00e1kat:<\/p>\n\n\n\n<div class=\"wp-block-media-text alignwide is-stacked-on-mobile is-image-fill\" style=\"grid-template-columns:30% auto\"><figure class=\"wp-block-media-text__media\" style=\"background-image:url(https:\/\/redfox.photos\/wp-content\/uploads\/2022\/02\/yongnuo_yn_300iii_yn300_iii_led_camera_1299342.jpeg);background-position:50% 50%\"><img loading=\"lazy\" decoding=\"async\" width=\"500\" height=\"500\" src=\"https:\/\/redfox.photos\/wp-content\/uploads\/2022\/02\/yongnuo_yn_300iii_yn300_iii_led_camera_1299342.jpeg\" alt=\"Yongnuo YN l\u00e1mpa\" class=\"wp-image-24203 size-full\"\/><\/figure><div class=\"wp-block-media-text__content\">\n<p class=\"has-normal-font-size\"><a rel=\"noreferrer noopener\" href=\"https:\/\/www.amazon.de\/-\/en\/YN-300-LED-Videoleuchte-LED-Videoleuchte-IR-Fernbedienung\/dp\/B00E4COZD8\/ref=sr_1_6?crid=V9M5KERZWDVC&amp;keywords=yongnuo+led&amp;qid=1644003416&amp;sprefix=yongnuo+led%2Caps%2C81&amp;sr=8-6\" target=\"_blank\">Yongnuo YN-300 LED<\/a> tipp ennek nagyon er\u0151s kem\u00e9ny f\u00e9nye van ez\u00e9rt egy tr\u00fckk csipesszel tegy\u00e9l feh\u00e9r s\u00fct\u0151pap\u00edr el\u00e9 \u00e9s m\u00e1ris egy puh\u00e1bb f\u00e9nyt kapsz.<\/p>\n<\/div><\/div>\n\n\n\n<div class=\"wp-block-media-text alignwide has-media-on-the-right is-stacked-on-mobile\" style=\"grid-template-columns:auto 30%\"><div class=\"wp-block-media-text__content\">\n<p class=\"has-normal-font-size\"><a rel=\"noreferrer noopener\" href=\"https:\/\/www.amazon.de\/-\/en\/YONGNUO-Temperature-3200-5500K-NAMVO-Diffuser\/dp\/B07D6H4FDK\/ref=sr_1_8?crid=36H6XTTZ1QXWZ&amp;keywords=yongnuo+led+stick&amp;qid=1644003550&amp;sprefix=yungnou+led+stick%2Caps%2C69&amp;sr=8-8\" target=\"_blank\">YONGNUO YN360 II Pro<\/a> ez egy nagyon k\u00f6nny\u0171 kis mobil l\u00e1mpa sok f\u00e9nnyel \u00e9s sz\u00ednnel. Ezeket a k\u00e9peket ezzel a l\u00e1mp\u00e1val k\u00e9sz\u00edtettem.<\/p>\n<\/div><figure class=\"wp-block-media-text__media\"><img loading=\"lazy\" decoding=\"async\" width=\"1000\" height=\"1000\" src=\"https:\/\/redfox.photos\/wp-content\/uploads\/2022\/02\/YONGNUO-YN360-II-Pro-RGB-Colorful-LED-Bi-Color-Ice-Video-Handheld-Light-5200mAh-Battery-Support.jpeg\" alt=\"Yongnuo led tube\" class=\"wp-image-24202 size-full\" srcset=\"https:\/\/redfox.photos\/wp-content\/uploads\/2022\/02\/YONGNUO-YN360-II-Pro-RGB-Colorful-LED-Bi-Color-Ice-Video-Handheld-Light-5200mAh-Battery-Support.jpeg 1000w, https:\/\/redfox.photos\/wp-content\/uploads\/2022\/02\/YONGNUO-YN360-II-Pro-RGB-Colorful-LED-Bi-Color-Ice-Video-Handheld-Light-5200mAh-Battery-Support-800x800.jpeg 800w, https:\/\/redfox.photos\/wp-content\/uploads\/2022\/02\/YONGNUO-YN360-II-Pro-RGB-Colorful-LED-Bi-Color-Ice-Video-Handheld-Light-5200mAh-Battery-Support-600x600.jpeg 600w\" sizes=\"(max-width: 1000px) 100vw, 1000px\" \/><\/figure><\/div>\n\n\n\n<p class=\"has-text-align-center\">Illetve itt p\u00e1r k\u00e9p amiket ezzel k\u00e9sz\u00edtettem:<\/p>\n\n\n\n<figure class=\"wp-block-gallery has-nested-images columns-default is-cropped wp-block-gallery-7 is-layout-flex wp-block-gallery-is-layout-flex\">\n<figure class=\"wp-block-image size-large\"><img loading=\"lazy\" decoding=\"async\" width=\"667\" height=\"1000\" data-id=\"23463\" src=\"https:\/\/redfox.photos\/wp-content\/uploads\/2021\/09\/DSC07088-1.jpg\" alt=\"N\u00e9meth B\u00e1lint t\u00e9li edz\u0151s portr\u00e9ja, Sportaholic\" class=\"wp-image-23463\"\/><figcaption class=\"wp-element-caption\">N\u00e9meth B\u00e1lint t\u00e9li edz\u0151s portr\u00e9ja, Sportaholic<\/figcaption><\/figure>\n\n\n\n<figure class=\"wp-block-image size-large\"><img loading=\"lazy\" decoding=\"async\" width=\"800\" height=\"1000\" data-id=\"23461\" src=\"https:\/\/redfox.photos\/wp-content\/uploads\/2021\/09\/DSC05535-1.jpg\" alt=\"Moln\u00e1r D\u00e1niel karate vil\u00e1gbajnok \u00e9s box edz\u0151\" class=\"wp-image-23461\"\/><figcaption class=\"wp-element-caption\">Moln\u00e1r D\u00e1niel karate vil\u00e1gbajnok \u00e9s box edz\u0151_2<\/figcaption><\/figure>\n\n\n\n<figure class=\"wp-block-image size-large\"><img loading=\"lazy\" decoding=\"async\" width=\"1160\" height=\"653\" data-id=\"890\" src=\"https:\/\/redfox.photos\/wp-content\/uploads\/2021\/08\/DSC06995-1160x653.jpg\" alt=\"T\u00e9li edz\u00e9s a szabadban\" class=\"wp-image-890\" srcset=\"https:\/\/redfox.photos\/wp-content\/uploads\/2021\/08\/DSC06995-1160x653.jpg 1160w, https:\/\/redfox.photos\/wp-content\/uploads\/2021\/08\/DSC06995-800x450.jpg 800w, https:\/\/redfox.photos\/wp-content\/uploads\/2021\/08\/DSC06995-120x68.jpg 120w, https:\/\/redfox.photos\/wp-content\/uploads\/2021\/08\/DSC06995-90x51.jpg 90w, https:\/\/redfox.photos\/wp-content\/uploads\/2021\/08\/DSC06995-320x180.jpg 320w, https:\/\/redfox.photos\/wp-content\/uploads\/2021\/08\/DSC06995-560x315.jpg 560w, https:\/\/redfox.photos\/wp-content\/uploads\/2021\/08\/DSC06995.jpg 1200w\" sizes=\"(max-width: 1160px) 100vw, 1160px\" \/><\/figure>\n<\/figure>\n\n\n\n<h3 class=\"wp-block-heading\">Milyen kamera sz\u00fcks\u00e9ges a portr\u00e9fot\u00f3z\u00e1shoz?<\/h3>\n\n\n\n<p>Alapvet\u0151en egy j\u00f3 telefonnan is lehet m\u00e1r k\u00e9peket csin\u00e1lni a k\u00e9rd\u00e9s mindig, hogy mire szeretn\u00e9d majd a k\u00e9peket haszn\u00e1lni. Ha a magas min\u0151s\u00e9gben kellene \u00e9s ki szeretn\u00e9d nyomtatni \u0151ket akkor nem fogod meg\u00faszni egy jobb kamera v\u00e1s\u00e1rl\u00e1s\u00e1t. Ahhoz, hogy melyik a <a href=\"https:\/\/redfox.photos\/en\/fotozas\/digitalis-fotozas-milyen-fenykepezogepet-vegyel\/\">neked val\u00f3 f\u00e9nyk\u00e9pez\u0151g\u00e9p itt tudsz ut\u00e1na n\u00e9zni.<\/a> Nem kell azonnal a legdr\u00e1g\u00e1bbak megvenni \u00e9n nagyon szeretem pl a Fujinak ezt a sz\u00e9ri\u00e1j\u00e1t: https:\/\/fujifilm-x.com\/global\/products\/cameras\/x100v\/ ha most kezden\u00e9m el szinte biztos, hogy ilyesmivel kezden\u00e9k \u00e9s tanuln\u00e1m meg az alapokat.<\/p>\n\n\n\n<h3 class=\"wp-block-heading\"><strong>Portr\u00e9 fot\u00f3z\u00e1s objekt\u00edvek<\/strong>, hogy a legterm\u00e9szetesebb k\u00e9peket k\u00e9sz\u00edthesd<\/h3>\n\n\n\n<p>Tradicion\u00e1lisan az a mond\u00e1s, hogy 80mm feletti gy\u00fajt\u00f3t\u00e1v\u00fa lencs\u00e9ket \u201ekell\u201d haszn\u00e1lni aminek nagy a f\u00e9nyereje, mert 80mm t\u0151l(Full frame 35mm-en) nem torzul annyira a k\u00e9p amit az al\u00e1bbi kis anyagon l\u00e1thattok. Ha megn\u00e9zitek ugyanaz a modell 3 k\u00fcl\u00f6nb\u00f6z\u0151 lencs\u00e9vel, azt hiszem maguk\u00e9rt besz\u00e9lnek a k\u00e9pek. Teljes vide\u00f3 <a rel=\"noreferrer noopener\" href=\"https:\/\/youtu.be\/XXwwn-palUQ?t=275\" target=\"_blank\">itt<\/a>. <\/p>\n\n\n\n<figure class=\"wp-block-gallery has-nested-images columns-default is-cropped wp-block-gallery-8 is-layout-flex wp-block-gallery-is-layout-flex\">\n<figure class=\"wp-block-image size-large\"><img loading=\"lazy\" decoding=\"async\" width=\"1160\" height=\"655\" data-id=\"24206\" src=\"https:\/\/redfox.photos\/wp-content\/uploads\/2022\/02\/Screenshot-2022-02-05-at-15.28.03-1160x655.png\" alt=\"Milyen objekt\u00edvet v\u00e1lasszak portr\u00e9khoz?\" class=\"wp-image-24206\" srcset=\"https:\/\/redfox.photos\/wp-content\/uploads\/2022\/02\/Screenshot-2022-02-05-at-15.28.03-1160x655.png 1160w, https:\/\/redfox.photos\/wp-content\/uploads\/2022\/02\/Screenshot-2022-02-05-at-15.28.03-800x451.png 800w, https:\/\/redfox.photos\/wp-content\/uploads\/2022\/02\/Screenshot-2022-02-05-at-15.28.03-1536x867.png 1536w, https:\/\/redfox.photos\/wp-content\/uploads\/2022\/02\/Screenshot-2022-02-05-at-15.28.03-2048x1156.png 2048w, https:\/\/redfox.photos\/wp-content\/uploads\/2022\/02\/Screenshot-2022-02-05-at-15.28.03.png 1200w\" sizes=\"(max-width: 1160px) 100vw, 1160px\" \/><\/figure>\n\n\n\n<figure class=\"wp-block-image size-large\"><img loading=\"lazy\" decoding=\"async\" width=\"1160\" height=\"656\" data-id=\"24207\" src=\"https:\/\/redfox.photos\/wp-content\/uploads\/2022\/02\/Screenshot-2022-02-05-at-15.28.10-1160x656.png\" alt=\"Milyen objekt\u00edvet v\u00e1lasszak portr\u00e9khoz?\" class=\"wp-image-24207\" srcset=\"https:\/\/redfox.photos\/wp-content\/uploads\/2022\/02\/Screenshot-2022-02-05-at-15.28.10-1160x656.png 1160w, https:\/\/redfox.photos\/wp-content\/uploads\/2022\/02\/Screenshot-2022-02-05-at-15.28.10-800x453.png 800w, https:\/\/redfox.photos\/wp-content\/uploads\/2022\/02\/Screenshot-2022-02-05-at-15.28.10-1536x869.png 1536w, https:\/\/redfox.photos\/wp-content\/uploads\/2022\/02\/Screenshot-2022-02-05-at-15.28.10-2048x1159.png 2048w, https:\/\/redfox.photos\/wp-content\/uploads\/2022\/02\/Screenshot-2022-02-05-at-15.28.10.png 1200w\" sizes=\"(max-width: 1160px) 100vw, 1160px\" \/><\/figure>\n\n\n\n<figure class=\"wp-block-image size-large\"><img loading=\"lazy\" decoding=\"async\" width=\"1160\" height=\"653\" data-id=\"24208\" src=\"https:\/\/redfox.photos\/wp-content\/uploads\/2022\/02\/Screenshot-2022-02-05-at-15.28.17-1160x653.png\" alt=\"Milyen objekt\u00edvet v\u00e1lasszak portr\u00e9khoz?\" class=\"wp-image-24208\" srcset=\"https:\/\/redfox.photos\/wp-content\/uploads\/2022\/02\/Screenshot-2022-02-05-at-15.28.17-1160x653.png 1160w, https:\/\/redfox.photos\/wp-content\/uploads\/2022\/02\/Screenshot-2022-02-05-at-15.28.17-800x450.png 800w, https:\/\/redfox.photos\/wp-content\/uploads\/2022\/02\/Screenshot-2022-02-05-at-15.28.17-1536x864.png 1536w, https:\/\/redfox.photos\/wp-content\/uploads\/2022\/02\/Screenshot-2022-02-05-at-15.28.17-2048x1152.png 2048w, https:\/\/redfox.photos\/wp-content\/uploads\/2022\/02\/Screenshot-2022-02-05-at-15.28.17.png 1200w\" sizes=\"(max-width: 1160px) 100vw, 1160px\" \/><\/figure>\n<figcaption class=\"blocks-gallery-caption wp-element-caption\">Portr\u00e9fot\u00f3z\u00e1s alapjai: Megfelel\u0151 lencsehaszn\u00e1lat<\/figcaption><\/figure>\n\n\n\n<p>Alapvet\u0151en manaps\u00e1g a leggyakrabban haszn\u00e1lt bel\u00e9p\u0151 portr\u00e9 lencse az az 50mm szokott lenni mert annak a legjobb az \u00e1ra. Azonban m\u00e1ra m\u00e1r annyit v\u00e1ltozott a portr\u00e9fot\u00f3z\u00e1s mik\u00e9ntje hogy vannak akik 35mm-re szeretnek kifejezetten portr\u00e9kat k\u00e9sz\u00edteni mert ad egy extra dinamik\u00e1t a k\u00e9peknek a torz\u00edt\u00e1sa. Legt\u00f6bb esetben \u00e9n ezeket haszn\u00e1lom:<\/p>\n\n\n\n<p>&#8211; &nbsp; &nbsp; &nbsp; Outdoor\/lak\u00e1sstudi\u00f3: 35mm f1.4 vagy 50mm f1.8<\/p>\n\n\n\n<p>&#8211; &nbsp; &nbsp; &nbsp; St\u00fadi\u00f3: 35mm f1.4 vagy 50mm f1.8 vagy 85mm f1.4<\/p>\n\n\n\n<p>Kezd\u00e9snek aj\u00e1nlom, hogy egy 50mm f1.8 -al indulj neki a portr\u00e9fot\u00f3z\u00e1snak azzal m\u00e1r kellemes k\u00e9peket tudsz k\u00e9sz\u00edteni \u00e9s seg\u00edt abban, hogy jobban megtal\u00e1ld a k\u00e9s\u0151bbi st\u00edlusod.<\/p>\n\n\n\n<p><span style=\"text-decoration: underline;\"><strong>\u00cdme p\u00e1r 50mm-es objekt\u00edv, amit aj\u00e1nlok:<\/strong><\/span><\/p>\n\n\n\n<p>SONY \u2013 <a href=\"https:\/\/fotoplus.hu\/hu\/termekeink\/objektivek-es-tartozekaik\/objektiv\/sony-sel-fe-50mm-f18-objektiv-sel50f18f\">FullFrame<\/a><\/p>\n\n\n\n<p>&nbsp;&nbsp;&nbsp;&nbsp;&nbsp;&nbsp;&nbsp;&nbsp;&nbsp;&nbsp;&nbsp;&nbsp;  <a href=\"https:\/\/fotoplus.hu\/hu\/termekeink\/objektivek-es-tartozekaik\/objektiv\/sony-sel-50f18-e50mm-f18-fekete-objektiv\">APS-C<\/a><\/p>\n\n\n\n<p>Canon Nifty 50: <a href=\"https:\/\/fotoplus.hu\/hu\/termekeink\/objektivek-es-tartozekaik\/objektiv\/canon-rf-50mm-f18-stm-objektiv\">RF verzio(mirrorles canonhoz)<\/a><\/p>\n\n\n\n<p>Nikon <a href=\"https:\/\/www.nikon.hu\/hu_HU\/product\/nikkor-lenses\/auto-focus-lenses\/fx\/single-focal-length\/af-s-nikkor-50mm-f-1-8g\">50mm f1.8<\/a><\/p>\n\n\n\n<p><\/p>\n\n\n\n<p class=\"has-normal-font-size\">Lehetne m\u00e9g a v\u00e9gtelens\u00e9gig bonyol\u00edtani \u00e9s magyar\u00e1zni, hogy mire van m\u00e9g sz\u00fcks\u00e9g ahhoz, hogy j\u00f3 k\u00e9peid sz\u00fclessenek, de <span style=\"text-decoration: underline;\"><strong>a legfontosabb, hogy kelj fel a sz\u00e1m\u00edt\u00f3g\u00e9p el\u0151l \u00e9s kezd el!<\/strong><\/span> Ne f\u00e9lj a hib\u00e1kt\u00f3l nem f\u00e9lj a rossz tapasztalatokt\u00f3l \u00e9s f\u0151leg att\u00f3l nem, hogy m\u00e1sok mit mondanak a k\u00e9peidr\u0151l. Egyel\u0151re csak menj \u00e9s csin\u00e1ld! T\u0171zz ki magadnak egyszer\u0171 c\u00e9lokat \u00e9s azokat pr\u00f3b\u00e1lt meg megval\u00f3s\u00edtani. Apr\u00f3 pici babal\u00e9p\u00e9sekben haladj \u00e9s akkor nem lesz gond. \u00dagyis a ma k\u00e9sz\u00edtett k\u00e9peid 2-4 \u00e9v m\u00falva \u00fajra\u00e9rt\u00e9keled egy addigra m\u00e1r kialakult st\u00edlus \u00e9s keretrendszer szerint. <\/p>","protected":false},"excerpt":{"rendered":"<p>Micsoda \u00e9s hogyan n\u00e9z ki a portr\u00e9fot\u00f3z\u00e1s, csal\u00e1di portr\u00e9, egy\u00e9ni portr\u00e9, \u00f6n\u00e9letrajz fot\u00f3z\u00e1s, esk\u00fcv\u0151 fot\u00f3z\u00e1s?Ezeket szedtem \u00f6ssze egy cikkben! <\/p>","protected":false},"author":2,"featured_media":24218,"comment_status":"closed","ping_status":"closed","sticky":false,"template":"","format":"standard","meta":{"_seopress_robots_primary_cat":"none","_seopress_titles_title":"Tanulj meg portr\u00e9 fot\u00f3zni gyakorlati p\u00e9ld\u00e1kkal! Kezd\u0151knek \u00e9s halad\u00f3knak.","_seopress_titles_desc":"Hogyan n\u00e9z ki a portr\u00e9fot\u00f3z\u00e1s 2023-ban? Csal\u00e1di portr\u00e9, egy\u00e9ni portr\u00e9, \u00f6n\u00e9letrajz fot\u00f3z\u00e1s, esk\u00fcv\u0151 fot\u00f3z\u00e1s? Ezeket szedtem \u00f6ssze egy cikkben! ","_seopress_robots_index":"","footnotes":""},"categories":[21],"tags":[],"class_list":["post-24169","post","type-post","status-publish","format-standard","has-post-thumbnail","hentry","category-fotozas"],"_links":{"self":[{"href":"https:\/\/redfox.photos\/en\/wp-json\/wp\/v2\/posts\/24169","targetHints":{"allow":["GET"]}}],"collection":[{"href":"https:\/\/redfox.photos\/en\/wp-json\/wp\/v2\/posts"}],"about":[{"href":"https:\/\/redfox.photos\/en\/wp-json\/wp\/v2\/types\/post"}],"author":[{"embeddable":true,"href":"https:\/\/redfox.photos\/en\/wp-json\/wp\/v2\/users\/2"}],"replies":[{"embeddable":true,"href":"https:\/\/redfox.photos\/en\/wp-json\/wp\/v2\/comments?post=24169"}],"version-history":[{"count":32,"href":"https:\/\/redfox.photos\/en\/wp-json\/wp\/v2\/posts\/24169\/revisions"}],"predecessor-version":[{"id":24514,"href":"https:\/\/redfox.photos\/en\/wp-json\/wp\/v2\/posts\/24169\/revisions\/24514"}],"wp:featuredmedia":[{"embeddable":true,"href":"https:\/\/redfox.photos\/en\/wp-json\/wp\/v2\/media\/24218"}],"wp:attachment":[{"href":"https:\/\/redfox.photos\/en\/wp-json\/wp\/v2\/media?parent=24169"}],"wp:term":[{"taxonomy":"category","embeddable":true,"href":"https:\/\/redfox.photos\/en\/wp-json\/wp\/v2\/categories?post=24169"},{"taxonomy":"post_tag","embeddable":true,"href":"https:\/\/redfox.photos\/en\/wp-json\/wp\/v2\/tags?post=24169"}],"curies":[{"name":"wp","href":"https:\/\/api.w.org\/{rel}","templated":true}]}}