{"id":24486,"date":"2023-07-07T11:05:18","date_gmt":"2023-07-07T09:05:18","guid":{"rendered":"https:\/\/redfox.photos\/?p=24486"},"modified":"2024-12-19T09:31:40","modified_gmt":"2024-12-19T08:31:40","slug":"a-jo-fenyhasznalat-fontossaga-a-portrefotozasban-2023-ban","status":"publish","type":"post","link":"https:\/\/redfox.photos\/en\/fotozas\/a-jo-fenyhasznalat-fontossaga-a-portrefotozasban-2023-ban\/","title":{"rendered":"Tal\u00e1ld meg a megfelel\u0151 f\u00e9nyt portr\u00e9idhoz kezd\u0151knek"},"content":{"rendered":"<div data-elementor-type=\"wp-post\" data-elementor-id=\"24486\" class=\"elementor elementor-24486\">\n\t\t\t\t\t\t<section class=\"elementor-section elementor-top-section elementor-element elementor-element-5ae01198 elementor-section-boxed elementor-section-height-default elementor-section-height-default\" data-id=\"5ae01198\" data-element_type=\"section\" data-e-type=\"section\">\n\t\t\t\t\t\t<div class=\"elementor-container elementor-column-gap-default\">\n\t\t\t\t\t<div class=\"elementor-column elementor-col-100 elementor-top-column elementor-element elementor-element-6e1102ea\" data-id=\"6e1102ea\" data-element_type=\"column\" data-e-type=\"column\">\n\t\t\t<div class=\"elementor-widget-wrap elementor-element-populated\">\n\t\t\t\t\t\t<div class=\"elementor-element elementor-element-3627742 elementor-widget elementor-widget-text-editor\" data-id=\"3627742\" data-element_type=\"widget\" data-e-type=\"widget\" data-widget_type=\"text-editor.default\">\n\t\t\t\t<div class=\"elementor-widget-container\">\n\t\t\t\t\t\t\t\t\t<p>A fot\u00f3z\u00e1s folyamatosan v\u00e1ltoz\u00f3 vil\u00e1g\u00e1ban egy dolog \u00e1lland\u00f3 marad: a f\u00e9ny a leny\u0171g\u00f6z\u0151 portr\u00e9k lelke. Ahogy bel\u00e9p\u00fcnk 2023-ba, a f\u00e9ny m\u0171v\u00e9szet\u00e9nek elsaj\u00e1t\u00edt\u00e1sa fontosabb, mint valaha. Legyen sz\u00f3 tapasztalt szakemberekr\u0151l vagy lelkes kezd\u0151kr\u0151l, a j\u00f3 f\u00e9ny haszn\u00e1lat\u00e1nak meg\u00e9rt\u00e9se \u00e9s hat\u00e9kony kihaszn\u00e1l\u00e1sa felemelheti portr\u00e9id \u00faj magass\u00e1gokba. Ebben a cikkben felfedezz\u00fck a f\u00e9ny jelent\u0151s\u00e9g\u00e9t \u00e9s kiemel\u00fcnk n\u00e9h\u00e1ny n\u00e9lk\u00fcl\u00f6zhetetlen eszk\u00f6zt, amelyek seg\u00edts\u00e9g\u00e9vel a f\u00e9nyt m\u00e9g a k\u00e9p elk\u00e9sz\u00edt\u00e9se ut\u00e1n is form\u00e1lhatjuk \u00e9s m\u00f3dos\u00edthatjuk.<\/p>\n<p><!-- \/wp:paragraph --><\/p>\n<p><!-- wp:paragraph --><\/p>\n<p>A f\u00e9nyek megfelel\u0151 haszn\u00e1lata \u00e1talak\u00edthatja az egyszer\u0171 portr\u00e9t egy leny\u0171g\u00f6z\u0151 m\u0171alkot\u00e1ss\u00e1. Fokozza az arc\u00e9leket, kiemeli a text\u00far\u00e1kat \u00e9s er\u0151teljesen k\u00f6zvet\u00edti az \u00e9rzelmeket. A megfelel\u0151 vil\u00e1g\u00edt\u00e1s m\u00e9lys\u00e9get, dimenzi\u00f3t \u00e9s hangulatot adhat, \u00e9letre keltve modelljeid k\u00e9peit a kamera el\u0151tt. Ez a kulcsa annak, hogy meg\u00f6r\u00f6k\u00edts\u00fck az egy\u00e9n egy\u00e9nis\u00e9g\u00e9t \u00e9s a saj\u00e1t t\u00f6rt\u00e9net\u00fcket elmes\u00e9lj\u00fck a lencs\u00e9n kereszt\u00fcl.<\/p>\n<p><!-- \/wp:paragraph --><\/p>\n<p><!-- wp:paragraph --><\/p>\n<h2>Term\u00e9szetes f\u00e9nyek fot\u00f3z\u00e1s sor\u00e1n<\/h2>\n<div>\u00a0<span style=\"color: rgba(17, 17, 17, 0.7); font-family: Muli;\">A term\u00e9szetes f\u00e9ny sz\u00e9ps\u00e9ge p\u00e1ratlan. Az arany\u00f3r\u00e1k (korai reggel \u00e9s k\u00e9s\u0151 d\u00e9lut\u00e1n) l\u00e1gy, sz\u00e9tsz\u00f3rt f\u00e9nye meleg f\u00e9ny\u00e1rnyalatot ad alanyainak, teremtve egy h\u00edzelg\u0151 \u00e9s m\u00e1gikus atmoszf\u00e9r\u00e1t. K\u00eds\u00e9rletezz h\u00e1tt\u00e9rf\u00e9nyekkel, oldalir\u00e1ny\u00fa f\u00e9nyekkel \u00e9s front\u00e1lis megvil\u00e1g\u00edt\u00e1ssal, hogy m\u00e9lys\u00e9get \u00e9s dr\u00e1mai hat\u00e1st adjon k\u00e9peidek.<\/span><\/div>\n<p><!-- \/wp:paragraph --><\/p>\t\t\t\t\t\t\t\t<\/div>\n\t\t\t\t<\/div>\n\t\t\t\t<div class=\"elementor-element elementor-element-36b626b elementor-widget elementor-widget-image\" data-id=\"36b626b\" data-element_type=\"widget\" data-e-type=\"widget\" data-widget_type=\"image.default\">\n\t\t\t\t<div class=\"elementor-widget-container\">\n\t\t\t\t\t\t\t\t\t\t\t\t\t\t\t<img fetchpriority=\"high\" decoding=\"async\" width=\"1160\" height=\"580\" src=\"https:\/\/redfox.photos\/wp-content\/uploads\/2023\/07\/Natural-Light-Photography-Photos-with-natural-light-at-golden-hour-1-1160x580.png\" class=\"attachment-large size-large wp-image-24491\" alt=\"\" srcset=\"https:\/\/redfox.photos\/wp-content\/uploads\/2023\/07\/Natural-Light-Photography-Photos-with-natural-light-at-golden-hour-1-1160x580.png 1160w, https:\/\/redfox.photos\/wp-content\/uploads\/2023\/07\/Natural-Light-Photography-Photos-with-natural-light-at-golden-hour-1-800x400.png 800w, https:\/\/redfox.photos\/wp-content\/uploads\/2023\/07\/Natural-Light-Photography-Photos-with-natural-light-at-golden-hour-1-1536x768.png 1536w, https:\/\/redfox.photos\/wp-content\/uploads\/2023\/07\/Natural-Light-Photography-Photos-with-natural-light-at-golden-hour-1-18x9.png 18w, https:\/\/redfox.photos\/wp-content\/uploads\/2023\/07\/Natural-Light-Photography-Photos-with-natural-light-at-golden-hour-1.png 1200w\" sizes=\"(max-width: 1160px) 100vw, 1160px\" \/>\t\t\t\t\t\t\t\t\t\t\t\t\t\t\t<\/div>\n\t\t\t\t<\/div>\n\t\t\t\t\t<\/div>\n\t\t<\/div>\n\t\t\t\t\t<\/div>\n\t\t<\/section>\n\t\t\t\t<section class=\"elementor-section elementor-top-section elementor-element elementor-element-f21ec4e elementor-section-boxed elementor-section-height-default elementor-section-height-default\" data-id=\"f21ec4e\" data-element_type=\"section\" data-e-type=\"section\">\n\t\t\t\t\t\t<div class=\"elementor-container elementor-column-gap-default\">\n\t\t\t\t\t<div class=\"elementor-column elementor-col-100 elementor-top-column elementor-element elementor-element-c4a2ba4\" data-id=\"c4a2ba4\" data-element_type=\"column\" data-e-type=\"column\">\n\t\t\t<div class=\"elementor-widget-wrap elementor-element-populated\">\n\t\t\t\t\t\t<div class=\"elementor-element elementor-element-ed156c9 elementor-widget elementor-widget-text-editor\" data-id=\"ed156c9\" data-element_type=\"widget\" data-e-type=\"widget\" data-widget_type=\"text-editor.default\">\n\t\t\t\t<div class=\"elementor-widget-container\">\n\t\t\t\t\t\t\t\t\t<h2>Mesters\u00e9ges vil\u00e1g\u00edt\u00e1si eszk\u00f6z\u00f6k(vakkuk, fix f\u00e9nyyek)<\/h2>\n<p>\u00a0<\/p>\n<p>M\u00edg a term\u00e9szetes f\u00e9ny a fot\u00f3s legjobb bar\u00e1tja, a mesters\u00e9ges vil\u00e1g\u00edt\u00e1si eszk\u00f6z\u00f6k lehet\u0151v\u00e9 teszik a f\u00e9ny ir\u00e1ny\u00e1nak \u00e9s intenzit\u00e1s\u00e1nak kiemelked\u0151 \u00e9s szakszer\u0171 ir\u00e1ny\u00edt\u00e1s\u00e1t. Itt van n\u00e9h\u00e1ny alapvet\u0151 eszk\u00f6z, amit \u00e9rdemes megfontolnod, amikor fot\u00f3zol:<\/p>\n<p class=\"p1\"><b>Mesters\u00e9ges vil\u00e1g\u00edt\u00e1si eszk\u00f6z\u00f6k: Vakuk, fix f\u00e9nyek \u00e9s egy\u00e9b kieg\u00e9sz\u00edt\u0151k<\/b><b><\/b><\/p>\n<p class=\"p1\">A mesters\u00e9ges vil\u00e1g\u00edt\u00e1s eszk\u00f6zei olyan lehet\u0151s\u00e9geket k\u00edn\u00e1lnak, amelyek seg\u00edts\u00e9g\u00e9vel a f\u00e9nyek prec\u00edz \u00e9s kreat\u00edv m\u00f3don form\u00e1lhat\u00f3k. A k\u00f6vetkez\u0151kben bemutatunk n\u00e9h\u00e1ny alapvet\u0151 vil\u00e1g\u00edt\u00e1stechnikai eszk\u00f6zt \u00e9s azok haszn\u00e1lat\u00e1nak fontoss\u00e1g\u00e1t:<\/p>\n<p class=\"p1\"><b>Softboxok \u00e9s oktoboxok:<\/b> Ezek a f\u00e9nyform\u00e1l\u00f3 eszk\u00f6z\u00f6k l\u00e1gyabb, egyenletesebb f\u00e9nyt biztos\u00edtanak, ami k\u00fcl\u00f6n\u00f6sen h\u00edzelg\u0151 portr\u00e9fot\u00f3z\u00e1shoz. A softboxok \u00e9s oktoboxok diff\u00faz anyaguk r\u00e9v\u00e9n cs\u00f6kkentik a kem\u00e9ny \u00e1rny\u00e9kokat, \u00edgy term\u00e9szetesebb megjelen\u00e9st k\u00f6lcs\u00f6n\u00f6znek az alanynak. K\u00fcl\u00f6nb\u00f6z\u0151 m\u00e9retben \u00e9s alakban \u00e9rhet\u0151k el, \u00edgy rugalmasan alkalmazhat\u00f3k a fot\u00f3z\u00e1s st\u00edlus\u00e1nak megfelel\u0151en.<\/p>\n<p class=\"p1\"><b>LED l\u00e1mp\u00e1k:<\/b> Az energiatakar\u00e9kos LED f\u00e9nyek folyamatos vil\u00e1g\u00edt\u00e1st biztos\u00edtanak, ami lehet\u0151v\u00e9 teszi a f\u00e9nyviszonyok val\u00f3s idej\u0171 ellen\u0151rz\u00e9s\u00e9t. \u00c1ll\u00edthat\u00f3 sz\u00ednh\u0151m\u00e9rs\u00e9klet\u00fck \u00e9s intenzit\u00e1suk r\u00e9v\u00e9n sokoldal\u00fa eszk\u00f6zk\u00e9nt haszn\u00e1lhat\u00f3k mind st\u00fadi\u00f3-, mind helysz\u00edni felv\u00e9telekhez. Kezd\u0151k sz\u00e1m\u00e1ra k\u00fcl\u00f6n\u00f6sen aj\u00e1nlottak, mivel nem ig\u00e9nyelnek bonyolult be\u00e1ll\u00edt\u00e1sokat.<\/p>\n<ol type=\"1\">\n<li style=\"list-style-type: none;\">\n<p class=\"p1\"><b>Sz\u00ednes g\u00e9lf\u00f3li\u00e1k:<\/b> A g\u00e9lf\u00f3li\u00e1k lehet\u0151v\u00e9 teszik a f\u00e9ny sz\u00edn\u00e9nek megv\u00e1ltoztat\u00e1s\u00e1t, dr\u00e1mai vagy m\u0171v\u00e9szi hat\u00e1sokat teremtve. K\u00fcl\u00f6n\u00f6sen hasznosak hangulatos portr\u00e9k vagy kreat\u00edv projektek eset\u00e9ben. K\u00eds\u00e9rletezz k\u00fcl\u00f6nb\u00f6z\u0151 sz\u00ednekkel \u00e9s kombin\u00e1ci\u00f3kkal, hogy egyedi atmoszf\u00e9r\u00e1t adj a k\u00e9peidnek.<\/p>\n<p class=\"p1\"><b>H\u00e1tt\u00e9rf\u00e9nyek:<\/b> A h\u00e1tt\u00e9rf\u00e9nyek haszn\u00e1lata k\u00fcl\u00f6nleges m\u00e9lys\u00e9get adhat a fot\u00f3knak, elv\u00e1lasztva az alanyt a h\u00e1tt\u00e9rt\u0151l. Ez k\u00fcl\u00f6n\u00f6sen fontos st\u00fadi\u00f3felv\u00e9telekn\u00e9l, ahol a modellek \u00e9s a h\u00e1tt\u00e9r harmonikus elk\u00fcl\u00f6n\u00edt\u00e9se er\u0151s\u00edti a vizu\u00e1lis hat\u00e1st.<\/p>\n<\/li>\n<\/ol>\t\t\t\t\t\t\t\t<\/div>\n\t\t\t\t<\/div>\n\t\t\t\t<div class=\"elementor-element elementor-element-4a2e187 elementor-widget elementor-widget-image\" data-id=\"4a2e187\" data-element_type=\"widget\" data-e-type=\"widget\" data-widget_type=\"image.default\">\n\t\t\t\t<div class=\"elementor-widget-container\">\n\t\t\t\t\t\t\t\t\t\t\t\t\t\t\t<img decoding=\"async\" width=\"1024\" height=\"728\" src=\"https:\/\/redfox.photos\/wp-content\/uploads\/2023\/07\/03_-_BOOK_STUDIO_.jpg\" class=\"attachment-large size-large wp-image-24493\" alt=\"Fot\u00f3 st\u00fadi\u00f3\" srcset=\"https:\/\/redfox.photos\/wp-content\/uploads\/2023\/07\/03_-_BOOK_STUDIO_.jpg 1024w, https:\/\/redfox.photos\/wp-content\/uploads\/2023\/07\/03_-_BOOK_STUDIO_-800x569.jpg 800w, https:\/\/redfox.photos\/wp-content\/uploads\/2023\/07\/03_-_BOOK_STUDIO_-18x12.jpg 18w\" sizes=\"(max-width: 1024px) 100vw, 1024px\" \/>\t\t\t\t\t\t\t\t\t\t\t\t\t\t\t<\/div>\n\t\t\t\t<\/div>\n\t\t\t\t<div class=\"elementor-element elementor-element-cb68323 elementor-widget elementor-widget-text-editor\" data-id=\"cb68323\" data-element_type=\"widget\" data-e-type=\"widget\" data-widget_type=\"text-editor.default\">\n\t\t\t\t<div class=\"elementor-widget-container\">\n\t\t\t\t\t\t\t\t\t<h2 class=\"p1\"><b>Ut\u00f3munka: A f\u00e9nyek t\u00f6k\u00e9letes\u00edt\u00e9se a digit\u00e1lis k\u00e9peid eset\u00e9n(nem digit\u00e1lis k\u00e9pekn\u00e9l is)<\/b><\/h2>\n<p class=\"p1\">Az ut\u00f3munka nem csup\u00e1n a hib\u00e1k kijav\u00edt\u00e1s\u00e1r\u00f3l sz\u00f3l, hanem a k\u00e9pek hangulat\u00e1nak \u00e9s st\u00edlus\u00e1nak v\u00e9gs\u0151 kialak\u00edt\u00e1s\u00e1r\u00f3l is. \u00cdme n\u00e9h\u00e1ny praktikus tipp a f\u00e9nyek digit\u00e1lis korrig\u00e1l\u00e1s\u00e1hoz:<\/p>\n<ul>\n<li class=\"p1\"><b>Sz\u00ednt\u00f3nusok finom\u00edt\u00e1sa:<\/b> Az ut\u00f3munka sor\u00e1n a sz\u00ednek \u00e9s \u00e1rnyalatok finomhangol\u00e1sa biztos\u00edtja a harm\u00f3ni\u00e1t a k\u00e9p k\u00fcl\u00f6nb\u00f6z\u0151 elemei k\u00f6z\u00f6tt.<\/li>\n<li class=\"p1\"><b>Vil\u00e1g\u00edt\u00e1si effektusok hozz\u00e1ad\u00e1sa:<\/b> A vignett\u00e1l\u00e1s azaz a k\u00e9p sz\u00e9leinek, s\u00f6t\u00e9t\u00edt\u00e9se vagy \u00e9pp vil\u00e1gos\u00edt\u00e1sa annak \u00e9rdek\u00e9ben, hogy a figyelmet jobban a k\u00e9p megadott pontja fel\u00e9 terelje. Ugyanakkor egy\u00e9b f\u00e9nyforr\u00e1sok szimul\u00e1ci\u00f3ja fokozhatja a vizu\u00e1lis \u00e9lm\u00e9nyt.<\/li>\n<li class=\"p3\"><b>Text\u00far\u00e1k kiemel\u00e9se:<\/b> Az \u00e9less\u00e9g \u00e9s a r\u00e9szletek hangs\u00falyoz\u00e1sa seg\u00edthet a f\u00e9nyj\u00e1t\u00e9k m\u00e9g er\u0151teljesebb megjelen\u00edt\u00e9s\u00e9ben.<\/li>\n<\/ul>\n<p>Ut\u00f3munka var\u00e1zsa: A digit\u00e1lis korszakban a ut\u00f3munka \u00e9s a szoftverek hatalma felbecs\u00fclhetetlen. Az\u00a0<a style=\"transition-property: all;\" href=\"https:\/\/www.adobe.com\/hu\/creativecloud.html?gclid=Cj0KCQjw756lBhDMARIsAEI0Agm4ZCo8gohvTIPL9xWhdknVqghPDwF-aYaydgvoh25YZCXgwa9TQL0aAh3yEALw_wcB&amp;skwcid=AL!3085!3!282190329729!e!!g!!creative%20cloud&amp;mv=search&amp;sdid=KH8NVGP5&amp;ef_id=Cj0KCQjw756lBhDMARIsAEI0Agm4ZCo8gohvTIPL9xWhdknVqghPDwF-aYaydgvoh25YZCXgwa9TQL0aAh3yEALw_wcB:G:s&amp;s_kwcid=AL!3085!3!282190329729!e!!g!!creative%20cloud!1474926909!57187489375&amp;gad=1\">Adobe Lightroom, Photosho<\/a>p,\u00a0<a style=\"transition-property: all;\" href=\"https:\/\/www.captureone.com\/en\">Capture One<\/a>\u00a0\u00e9s\u00a0<a style=\"transition-property: all;\" href=\"https:\/\/skylum.com\/luminar?utm_source=google&amp;utm_medium=cpc&amp;utm_campaign=Luminar_Neo_brand_search_ww_en&amp;utm_term=Luminar_phrase&amp;gclid=Cj0KCQjw756lBhDMARIsAEI0AgldIAZYtXJZabyLYnOJVTcyspsclzetz2xXb0EUJPctk1tt8lpC7Z0aAs8wEALw_wcB\">Luminar<\/a>\u00a0szoftverek olyan eszk\u00f6z\u00f6ket k\u00edn\u00e1lnak, amelyek lehet\u0151v\u00e9 teszik a k\u00e9pek m\u00f3dos\u00edt\u00e1s\u00e1t \u00e9s jav\u00edt\u00e1s\u00e1t m\u00e9g a felv\u00e9tel elk\u00e9sz\u00edt\u00e9se ut\u00e1n is. Az expoz\u00edci\u00f3, \u00e1rny\u00e9kok, f\u00e9nyek, sz\u00ednek \u00e9s r\u00e9szletek be\u00e1ll\u00edt\u00e1sa seg\u00edthet finomhangolni a vil\u00e1g\u00edt\u00e1st \u00e9s kiemelni a legjobbat a portr\u00e9kb\u00f3l. Minden szoftvernek megvannak a saj\u00e1t er\u0151ss\u00e9gei \u00e9s funkci\u00f3i, \u00edgy \u00e9rdemes kipr\u00f3b\u00e1lni \u00e9s megtal\u00e1lni az \u00d6n ig\u00e9nyeidnek legmegfelel\u0151bbet.<\/p>\n<p>\u00a0<\/p>\n<h2 class=\"p1\"><b>\u00d6sszegz\u00e9s<\/b><b><\/b><\/h2>\n<p class=\"p1\">B\u00e1rmikor is fot\u00f3zol egy biztos, hogy a j\u00f3l megv\u00e1lasztott f\u00e9nyek elengedhetetlenek, hogy k\u00e9peid ragyogjanak. Ak\u00e1r term\u00e9szetes f\u00e9nyt, ak\u00e1r mesters\u00e9ges vil\u00e1g\u00edt\u00e1st haszn\u00e1lsz, a c\u00e9l mindig az, hogy az alanyod szem\u00e9lyis\u00e9g\u00e9t \u00e9s t\u00f6rt\u00e9net\u00e9t hitelesen k\u00f6zvet\u00edtsd. A f\u00e9ny, az eszk\u00f6z\u00f6k \u00e9s az ut\u00f3munka egy\u00fcttesen lehet\u0151s\u00e9get ny\u00fajt arra, hogy minden egyes portr\u00e9val maradand\u00f3 eml\u00e9ket teremts. Engedd szabadj\u00e1ra kreativit\u00e1sodat, \u00e9s hagyd, hogy a f\u00e9ny legyen a legjobb eszk\u00f6z\u00f6d a leny\u0171g\u00f6z\u0151 k\u00e9pek k\u00e9sz\u00edt\u00e9s\u00e9ben!<\/p>\t\t\t\t\t\t\t\t<\/div>\n\t\t\t\t<\/div>\n\t\t\t\t\t<\/div>\n\t\t<\/div>\n\t\t\t\t\t<\/div>\n\t\t<\/section>\n\t\t\t\t<\/div>","protected":false},"excerpt":{"rendered":"<p>A fot\u00f3z\u00e1s folyamatosan v\u00e1ltoz\u00f3 vil\u00e1g\u00e1ban egy dolog \u00e1lland\u00f3 marad: a f\u00e9ny a leny\u0171g\u00f6z\u0151 portr\u00e9k lelke. Ahogy bel\u00e9p\u00fcnk 2023-ba, a f\u00e9ny m\u0171v\u00e9szet\u00e9nek elsaj\u00e1t\u00edt\u00e1sa fontosabb, mint valaha. Legyen sz\u00f3 tapasztalt szakemberekr\u0151l vagy lelkes kezd\u0151kr\u0151l, a j\u00f3 f\u00e9ny haszn\u00e1lat\u00e1nak meg\u00e9rt\u00e9se \u00e9s hat\u00e9kony kihaszn\u00e1l\u00e1sa felemelheti portr\u00e9id \u00faj magass\u00e1gokba. Ebben a cikkben felfedezz\u00fck a f\u00e9ny jelent\u0151s\u00e9g\u00e9t \u00e9s kiemel\u00fcnk n\u00e9h\u00e1ny n\u00e9lk\u00fcl\u00f6zhetetlen &#8230;<\/p>","protected":false},"author":2,"featured_media":24181,"comment_status":"closed","ping_status":"closed","sticky":false,"template":"","format":"standard","meta":{"_seopress_robots_primary_cat":"none","_seopress_titles_title":"Tal\u00e1ld meg a megfelel\u0151 f\u00e9nyt portr\u00e9idhoz kezd\u0151knek","_seopress_titles_desc":"Haszn\u00e1ld tudatosan a f\u00e9nyeket k\u00e9peidben. Ismerd meg, hogy milyen technik\u00e1k seg\u00edthetnek, hogy szebb fot\u00f3id k\u00e9sz\u00fclhessenek!","_seopress_robots_index":"","footnotes":""},"categories":[21],"tags":[],"class_list":["post-24486","post","type-post","status-publish","format-standard","has-post-thumbnail","hentry","category-fotozas"],"_links":{"self":[{"href":"https:\/\/redfox.photos\/en\/wp-json\/wp\/v2\/posts\/24486","targetHints":{"allow":["GET"]}}],"collection":[{"href":"https:\/\/redfox.photos\/en\/wp-json\/wp\/v2\/posts"}],"about":[{"href":"https:\/\/redfox.photos\/en\/wp-json\/wp\/v2\/types\/post"}],"author":[{"embeddable":true,"href":"https:\/\/redfox.photos\/en\/wp-json\/wp\/v2\/users\/2"}],"replies":[{"embeddable":true,"href":"https:\/\/redfox.photos\/en\/wp-json\/wp\/v2\/comments?post=24486"}],"version-history":[{"count":10,"href":"https:\/\/redfox.photos\/en\/wp-json\/wp\/v2\/posts\/24486\/revisions"}],"predecessor-version":[{"id":24533,"href":"https:\/\/redfox.photos\/en\/wp-json\/wp\/v2\/posts\/24486\/revisions\/24533"}],"wp:featuredmedia":[{"embeddable":true,"href":"https:\/\/redfox.photos\/en\/wp-json\/wp\/v2\/media\/24181"}],"wp:attachment":[{"href":"https:\/\/redfox.photos\/en\/wp-json\/wp\/v2\/media?parent=24486"}],"wp:term":[{"taxonomy":"category","embeddable":true,"href":"https:\/\/redfox.photos\/en\/wp-json\/wp\/v2\/categories?post=24486"},{"taxonomy":"post_tag","embeddable":true,"href":"https:\/\/redfox.photos\/en\/wp-json\/wp\/v2\/tags?post=24486"}],"curies":[{"name":"wp","href":"https:\/\/api.w.org\/{rel}","templated":true}]}}