{"id":448,"date":"2020-05-02T16:22:54","date_gmt":"2020-05-02T14:22:54","guid":{"rendered":"https:\/\/redfox.photos\/?p=448"},"modified":"2024-01-04T15:37:06","modified_gmt":"2024-01-04T14:37:06","slug":"digitalis-fotozas-milyen-fenykepezogepet-vegyel","status":"publish","type":"post","link":"https:\/\/redfox.photos\/en\/fotozas\/digitalis-fotozas-milyen-fenykepezogepet-vegyel\/","title":{"rendered":"Milyen f\u00e9nyk\u00e9pez\u0151g\u00e9pet v\u00e1lassz 2024-ben?Hogyan kezdj neki a fot\u00f3z\u00e1snak&#8230;"},"content":{"rendered":"<div data-elementor-type=\"wp-post\" data-elementor-id=\"448\" class=\"elementor elementor-448\">\n\t\t\t\t\t\t<section class=\"elementor-section elementor-top-section elementor-element elementor-element-95399e1 elementor-section-boxed elementor-section-height-default elementor-section-height-default\" data-id=\"95399e1\" data-element_type=\"section\" data-e-type=\"section\">\n\t\t\t\t\t\t<div class=\"elementor-container elementor-column-gap-default\">\n\t\t\t\t\t<div class=\"elementor-column elementor-col-100 elementor-top-column elementor-element elementor-element-1ec962e\" data-id=\"1ec962e\" data-element_type=\"column\" data-e-type=\"column\">\n\t\t\t<div class=\"elementor-widget-wrap elementor-element-populated\">\n\t\t\t\t\t\t<div class=\"elementor-element elementor-element-ba70303 elementor-widget elementor-widget-text-editor\" data-id=\"ba70303\" data-element_type=\"widget\" data-e-type=\"widget\" data-widget_type=\"text-editor.default\">\n\t\t\t\t<div class=\"elementor-widget-container\">\n\t\t\t\t\t\t\t\t\t<p>Manaps\u00e1g, term\u00e9szetesen c\u00e9lodt\u00f3l f\u00fcgg\u0151en, nem kell sz\u00e1zezreket \u00e9s milli\u00f3kat k\u00f6ltened, hogy elkezdhesd a digit\u00e1lis fot\u00f3z\u00e1st. A mai kamer\u00e1k, m\u00e1r a high-end okostelefonokban is nagyon magas min\u0151s\u00e9gben k\u00e9pesek arra, hogy meg\u00f6r\u00f6k\u00edts\u00e9k azt a pillanatot, amit te szeretn\u00e9l. A benn\u00fck lev\u0151 automatika be tudja azt is \u00e1ll\u00edtani, hogy j\u00f3 is legyen a k\u00e9ped. De ha m\u00e9gis szeretn\u00e9l jobb min\u0151s\u00e9get \u00e9s magasabb szinten \u0171zni a fot\u00f3z\u00e1st, akkor ez a cikk neked sz\u00f3l.<\/p>\n<p>Ebben a cikkben besz\u00e9lni fogunk arr\u00f3l, milyen f\u00e9nyk\u00e9pez\u0151g\u00e9p t\u00edpusok vannak? Milyen felel meg legink\u00e1bb a Te c\u00e9lodnak? Arr\u00f3l, hogy mik a digit\u00e1lis fot\u00f3z\u00e1s alapjai egy m\u00e1sik cikkemben olvashatsz, de el\u0151bb v\u00e1lasszuk ki k\u00f6z\u00f6sen az els\u0151 f\u00e9nyk\u00e9pez\u0151g\u00e9ped. Kifejezetten hossz\u00fa bejegyz\u00e9s, aminek a v\u00e9g\u00e9re lesz egy \u00e1tfog\u00f3 k\u00e9ped arr\u00f3l, hogy mit \u00e9s merre n\u00e9zz meg, hogy az ig\u00e9nyeidnek megfelel\u0151 g\u00e9pet v\u00e1s\u00e1rolj.<\/p>\n<p>Kezdj\u00fck akkor sorrendben, hiszen mindig az els\u0151 k\u00e9rd\u00e9s:<\/p>\t\t\t\t\t\t\t\t<\/div>\n\t\t\t\t<\/div>\n\t\t\t\t<div class=\"elementor-element elementor-element-490d1f4 elementor-widget elementor-widget-text-editor\" data-id=\"490d1f4\" data-element_type=\"widget\" data-e-type=\"widget\" data-widget_type=\"text-editor.default\">\n\t\t\t\t<div class=\"elementor-widget-container\">\n\t\t\t\t\t\t\t\t\t<p><span style=\"color: #111111; font-family: 'Playfair Display'; font-size: 45px;\">Milyen digit\u00e1lis f\u00e9nyk\u00e9pez\u0151g\u00e9pet v\u00e1s\u00e1roljak?<\/span><\/p>\n<p>A legjobb v\u00e1lasz erre, az: Olyat, amilyenre sz\u00fcks\u00e9ged van. \u00c9n abban fogok seg\u00edteni, hogy meg tudd fogalmazni vagy legal\u00e1bbis \u00e9rteni, hogy melyik fajt\u00e1ra van sz\u00fcks\u00e9ged \u00e9s mi\u00e9rt. Alapjaiban k\u00e9tf\u00e9le g\u00e9p t\u00edpus van a digit\u00e1lis fot\u00f3z\u00e1sban:<\/p>\n<p>a DSLR (<strong>digital single-lens reflex<\/strong>) \u00e9s a MILC (<strong>Mirrorless Interchangeable Lens Camera<\/strong>). A kett\u0151 k\u00f6z\u00f6tt a legnagyobb k\u00fcl\u00f6nbs\u00e9g a v\u00e1zszerkezet kialak\u00edt\u00e1s\u00e1ban \u00e9s a z\u00e1rszerkezetben van. Azt ugye tudjuk, a fot\u00f3z\u00e1s alap m\u0171k\u00f6d\u00e9se, hogy a bej\u00f6v\u0151 f\u00e9nyt egy szenzorra vet\u00edtj\u00fck r\u00e1, ahol a keletkez\u0151 adatokat a g\u00e9p\u00fcnk leford\u00edtja \u00e9s megalkotja a k\u00e9pet. Az, hogy mennyi f\u00e9ny j\u00f6jj\u00f6n be, h\u00e1rom t\u00e9nyez\u0151 befoly\u00e1solja:<\/p>\n<p>\u00a0<\/p>\n<ul>\n<li>Z\u00e1rid\u0151 (Shutter speed)<\/li>\n<li>(F\u00e9ny)rekesz nagys\u00e1ga (Aperture)<\/li>\n<li>F\u00e9ny\u00e9rz\u00e9kenys\u00e9g (ISO)<\/li>\n<\/ul>\n<p>Ezeket b\u0151vebben ki fogom m\u00e9g fejteni, amikor a fot\u00f3z\u00e1s alapjair\u00f3l besz\u00e9l\u00fcnk, de az egy m\u00e1sik cikk lesz. Addig is itt egy nagyon j\u00f3 angol nyelv\u0171 vide\u00f3, ami seg\u00edthet meg\u00e9rtenetek a<b> fot\u00f3z\u00e1s alapjait<\/b>.<\/p>\t\t\t\t\t\t\t\t<\/div>\n\t\t\t\t<\/div>\n\t\t\t\t\t<\/div>\n\t\t<\/div>\n\t\t\t\t\t<\/div>\n\t\t<\/section>\n\t\t\t\t<section class=\"elementor-section elementor-top-section elementor-element elementor-element-7d58586 elementor-section-boxed elementor-section-height-default elementor-section-height-default\" data-id=\"7d58586\" data-element_type=\"section\" data-e-type=\"section\">\n\t\t\t\t\t\t<div class=\"elementor-container elementor-column-gap-default\">\n\t\t\t\t\t<div class=\"elementor-column elementor-col-100 elementor-top-column elementor-element elementor-element-e83f353\" data-id=\"e83f353\" data-element_type=\"column\" data-e-type=\"column\">\n\t\t\t<div class=\"elementor-widget-wrap elementor-element-populated\">\n\t\t\t\t\t\t<div class=\"elementor-element elementor-element-94cd38d elementor-widget elementor-widget-video\" data-id=\"94cd38d\" data-element_type=\"widget\" data-e-type=\"widget\" data-settings=\"{&quot;youtube_url&quot;:&quot;https:\\\/\\\/youtu.be\\\/LUtlZ3sahz8&quot;,&quot;video_type&quot;:&quot;youtube&quot;,&quot;controls&quot;:&quot;yes&quot;}\" data-widget_type=\"video.default\">\n\t\t\t\t<div class=\"elementor-widget-container\">\n\t\t\t\t\t\t\t<div class=\"elementor-wrapper elementor-open-inline\">\n\t\t\t<div class=\"elementor-video\"><\/div>\t\t<\/div>\n\t\t\t\t\t\t<\/div>\n\t\t\t\t<\/div>\n\t\t\t\t\t<\/div>\n\t\t<\/div>\n\t\t\t\t\t<\/div>\n\t\t<\/section>\n\t\t\t\t<section class=\"elementor-section elementor-top-section elementor-element elementor-element-3cefa94 elementor-section-boxed elementor-section-height-default elementor-section-height-default\" data-id=\"3cefa94\" data-element_type=\"section\" data-e-type=\"section\">\n\t\t\t\t\t\t<div class=\"elementor-container elementor-column-gap-default\">\n\t\t\t\t\t<div class=\"elementor-column elementor-col-100 elementor-top-column elementor-element elementor-element-eefdf08\" data-id=\"eefdf08\" data-element_type=\"column\" data-e-type=\"column\">\n\t\t\t<div class=\"elementor-widget-wrap elementor-element-populated\">\n\t\t\t\t\t\t<div class=\"elementor-element elementor-element-fa858be elementor-widget elementor-widget-text-editor\" data-id=\"fa858be\" data-element_type=\"widget\" data-e-type=\"widget\" data-widget_type=\"text-editor.default\">\n\t\t\t\t<div class=\"elementor-widget-container\">\n\t\t\t\t\t\t\t\t\t<p>Visszat\u00e9rve a DSLR \u00e9s a MILC k\u00f6z\u00f6tti k\u00fcl\u00f6nbs\u00e9gekhez, a DSLR egy r\u00e9gebbi technol\u00f3gia \u00e9s azon az alapelven m\u0171k\u00f6dik, hogy z\u00e1rt \u00e1llapotban van egy t\u00fck\u00f6r, ami a k\u00e9pet a betekint\u0151be t\u00fckr\u00f6zi fel neked. Ergo ott l\u00e1tod mit, fot\u00f3zni fogsz. Amikor megnyomod az expon\u00e1l gombot (fot\u00f3zol), akkor egy pillanatra, am\u00edg a nyit\u00e1s \u00e9s z\u00e1r\u00e1s megt\u00f6rt\u00e9nik els\u00f6t\u00e9t\u00fcl a k\u00e9p. Ennek nem tudom, hogy pontosan mi a magyar neve \u00e9n \u00fagy ismerem, hogy\u00a0<em>optical view finder<\/em>, tal\u00e1n optikai betekint\u0151.\u00a0<\/p>\n<p>Ezzel szemben a MILC g\u00e9pek, a technol\u00f3gia fejl\u0151d\u00e9s\u00e9vel lehet\u0151v\u00e9 tett\u00e9k, hogy a t\u00fck\u00f6rre ne legyen sz\u00fcks\u00e9g \u00e9s a MILC g\u00e9pek digit\u00e1lis betekint\u0151t kaptak. Az \u00faj modern szenzorok a bees\u0151 f\u00e9nyt azonnal k\u00e9pp\u00e9 alkotj\u00e1k, \u00edgy mind a g\u00e9p h\u00e1tulj\u00e1n \u00e9s a betekint\u0151ben is egy digit\u00e1lis k\u00e9pet l\u00e1tunk.\u00a0 Annak k\u00f6sz\u00f6nhet\u0151en, hogy a t\u00fck\u00f6r mechanik\u00e1t kihagyt\u00e1k a f\u00e9nyk\u00e9pez\u0151 v\u00e1zakb\u00f3l, ezek a f\u00e9nyk\u00e9pez\u0151g\u00e9pek k\u00f6nnyebbek \u00e9s sokkal kompaktabbak lettek.<\/p>\n<p>Nagy el\u0151nye tov\u00e1bb\u00e1 a mirrorless g\u00e9peknek, hogy amit be\u00e1ll\u00edtasz\u00a0<span style=\"color: var(--c-dark);\">ISO<\/span>(f\u00e9ny\u00e9rz\u00e9kenys\u00e9g),\u00a0<span style=\"color: var(--c-dark);\">aperture(f\u00e9nyer\u0151)<\/span>\u00a0vagy\u00a0<span style=\"color: var(--c-dark);\">shutter speed(z\u00e1rid\u0151)<\/span>\u00a0\u00e9rt\u00e9kekben, azoknak a hat\u00e1s\u00e1t azonnal l\u00e1tod a digit\u00e1lis kijelz\u0151n \u00e9s a betekint\u0151n. Ez nagy el\u0151ny a DSLR-el szemben, hogy nem kell teszt k\u00e9peket k\u00e9sz\u00edtened annak \u00e9rdek\u00e9ben, hogy a megfelel\u0151 be\u00e1ll\u00edt\u00e1st megtal\u00e1ld, hanem azokat \u00e9l\u0151k\u00e9pben r\u00f6gt\u00f6n l\u00e1thatod.<\/p>\n<p>Emiatt lehet p\u00e9ld\u00e1ul, hogy amikor bar\u00e1taimmal elmegyek fot\u00f3s t\u00far\u00e1kra, akkor \u00e9n csin\u00e1lok 100-150 k\u00e9pet (am\u00fagy is keveset szoktam), de \u0151k ennek a 2-3x -os\u00e1t k\u00e9sz\u00edtik el, mert keresik a j\u00f3 be\u00e1ll\u00edt\u00e1sokat.<\/p>\t\t\t\t\t\t\t\t<\/div>\n\t\t\t\t<\/div>\n\t\t\t\t\t<\/div>\n\t\t<\/div>\n\t\t\t\t\t<\/div>\n\t\t<\/section>\n\t\t\t\t<section class=\"elementor-section elementor-top-section elementor-element elementor-element-71295d4a elementor-section-boxed elementor-section-height-default elementor-section-height-default\" data-id=\"71295d4a\" data-element_type=\"section\" data-e-type=\"section\">\n\t\t\t\t\t\t<div class=\"elementor-container elementor-column-gap-default\">\n\t\t\t\t\t<div class=\"elementor-column elementor-col-100 elementor-top-column elementor-element elementor-element-5e7d9c5e\" data-id=\"5e7d9c5e\" data-element_type=\"column\" data-e-type=\"column\">\n\t\t\t<div class=\"elementor-widget-wrap elementor-element-populated\">\n\t\t\t\t\t\t<div class=\"elementor-element elementor-element-5c41432a elementor-widget elementor-widget-text-editor\" data-id=\"5c41432a\" data-element_type=\"widget\" data-e-type=\"widget\" data-widget_type=\"text-editor.default\">\n\t\t\t\t<div class=\"elementor-widget-container\">\n\t\t\t\t\t\t\t\t\t<p><\/p>\n<p><\/p>\n<p><\/p>\n<h2 class=\"wp-block-heading\">Digit\u00e1lis fot\u00f3z\u00e1shoz milyen f\u00e9nyk\u00e9pez\u0151t v\u00e1lasszak? Mit javasolsz?<\/h2>\n<p><\/p>\n<p><\/p>\n<p>N\u00e9zz\u00fck meg Pro \u00e9s Kontra, mikor melyik lehet a legjobb v\u00e1laszt\u00e1s neked. Le\u00edrom objekt\u00edven a k\u00e9t rendszer k\u00f6z\u00f6tti hasonl\u00f3s\u00e1gokat \u00e9s k\u00fcl\u00f6nbs\u00e9geket, hogy ezzel is seg\u00edtsek nektek d\u00f6nteni. Az, hogy milyen t\u00e9m\u00e1t fot\u00f3zol,<a href=\"https:\/\/redfox.photos\/en\/fotozas\/portre-fotozas-alapjai-es-technikai-feltetelei-kezdoknek\/\"> portr\u00e9kat<\/a>, t\u00e1jk\u00e9peket vagy egy\u00e9b nem lesz szempont ebben az objekt\u00edv \u00f6sszehasonl\u00edt\u00e1sban. El\u0151sz\u00f6r kezdj\u00fck azzal, mi sz\u00f3l az egyes technol\u00f3gi\u00e1k mellett.<\/p>\n<h3 class=\"wp-block-table\" style=\"box-sizing: border-box; margin: 0px 0px 1em; padding: 0px; -webkit-font-smoothing: antialiased; outline: 0px; text-decoration: none; display: block; overflow-x: auto; caret-color: #7a7a7a; color: #7a7a7a; font-family: 'Playfair Display', sans-serif; font-size: 14px; font-style: normal; font-variant-caps: normal; font-weight: normal; letter-spacing: normal; orphans: auto; text-align: left; text-indent: 0px; text-transform: none; white-space: normal; widows: auto; word-spacing: 0px; -webkit-text-size-adjust: auto; -webkit-text-stroke-width: 0px;\">Mi\u00e9rt v\u00e1laszd a DSLR vagy a MILC digit\u00e1lis f\u00e9nyk\u00e9pez\u0151g\u00e9peket?<\/h3>\n<p><\/p>\n<p><\/p>\n<figure class=\"wp-block-table\">\n<table>\n<tbody>\n<tr>\n<td><strong><u>DSLR f\u00e9nyk\u00e9pez\u0151k<\/u><\/strong><\/td>\n<td><strong><u>Mirrorless rendszerek<\/u><\/strong><\/td>\n<\/tr>\n<tr>\n<td>Tart\u00f3sak (b\u00e1r az \u00faj MILC kamer\u00e1k is)<\/td>\n<td>Kompakt<\/td>\n<\/tr>\n<tr>\n<td>Sokkal \u00e9lesebb \u00e9l\u0151k\u00e9p betekint\u0151ben<\/td>\n<td>K\u00f6nny\u0171<\/td>\n<\/tr>\n<tr>\n<td>Nagyobbak, \u00edgy jobban elf\u00e9rnek a gombok rajtuk<\/td>\n<td>Kiv\u00e1l\u00f3 vide\u00f3z\u00e1sra<\/td>\n<\/tr>\n<tr>\n<td>Nagyobb akkumul\u00e1torok<\/td>\n<td>Azonnali, folyamatos auto f\u00f3kusz f\u00f3kusz\u00e1l\u00e1skor<\/td>\n<\/tr>\n<tr>\n<td>Nagyobb kez\u0171 embereknek k\u00e9nyelmesebb<\/td>\n<td>\u00a0<\/td>\n<\/tr>\n<tr>\n<td>Vill\u00e1mgyors aut\u00f3f\u00f3kusz<\/td>\n<td>Kamera be\u00e1ll\u00edt\u00e1sok r\u00e9szletesen megjelennek a kijelz\u0151n<\/td>\n<\/tr>\n<tr>\n<td>Kiforrott technol\u00f3gia Gyors z\u00e1rid\u0151 1\/8000<\/td>\n<td>Olcs\u00f3bbak, mint a DSLR t\u00e1rsaik Lehet gyors z\u00e1rid\u0151 ak\u00e1r 1\/160000 elektronikus z\u00e1rral<\/td>\n<\/tr>\n<\/tbody>\n<\/table>\n<figcaption>\n<h3 class=\"wp-block-table\"><span style=\"font-size: 16px;\">Mik a DSLR \u00e9s a MILC kamer\u00e1t h\u00e1tul\u00fct\u0151i?<\/span><\/h3>\n<\/figcaption>\n<\/figure>\n<p><\/p>\n<p><\/p>\n<figure class=\"wp-block-table\">\n<table style=\"height: 356px;\" width=\"210\">\n<tbody>\n<tr>\n<td><strong><u>DSLR f\u00e9nyk\u00e9pez\u0151k<\/u><\/strong><\/td>\n<td><strong><u>Mirrorless rendszerek<\/u><\/strong><\/td>\n<\/tr>\n<tr>\n<td>Nem vide\u00f3z\u00e1sra tal\u00e1lt\u00e1k ki<\/td>\n<td>Akkumul\u00e1tor id\u0151 rosszabb<\/td>\n<\/tr>\n<tr>\n<td>Nagyok \u00e9s nehezek<\/td>\n<td>\u201eLassabb\u201d aut\u00f3 f\u00f3kusz<\/td>\n<\/tr>\n<tr>\n<td>Sok mechanikai elem van benn\u00fck<\/td>\n<td>Kisebb lencse v\u00e1laszt\u00e9k<\/td>\n<\/tr>\n<tr>\n<td>\u201eElavult technol\u00f3gia\u201d<\/td>\n<td>Dr\u00e1ga kieg\u00e9sz\u00edt\u0151k<\/td>\n<\/tr>\n<tr>\n<td>\u00a0<\/td>\n<td>\u00a0<\/td>\n<\/tr>\n<tr>\n<td>\u00a0<\/td>\n<td>\u00a0<\/td>\n<\/tr>\n<\/tbody>\n<\/table>\n<figcaption><span style=\"color: #111111; font-family: 'Playfair Display'; font-size: 35px;\">Ezek ut\u00e1n akkor melyik f\u00e9nyk\u00e9pez\u0151g\u00e9p t\u00edpus az amelyik neked a legjobb v\u00e1laszt\u00e1s?<\/span><\/figcaption>\n<\/figure>\n<p><\/p>\n<p><\/p>\n<p>Ha a fentiek ut\u00e1n, nem lenne egy\u00e9rtelm\u0171, hogy neked melyik lenne a legmegfelel\u0151bb, akkor most figyelj. Megpr\u00f3b\u00e1lok neked adni p\u00e1r tippet, hogy mi ment\u00e9n v\u00e1lassz f\u00e9nyk\u00e9pez\u0151g\u00e9pet. Fontos meghat\u00e1roznod, hogy mire szeretn\u00e9d haszn\u00e1lni, nem arra gondolok, hogy fot\u00f3zni, hanem mindegyikhez adok egy-egy javaslatot, hogy melyik kamera lenne a megfelel\u0151:<\/p>\n<p><\/p>\n<p><\/p>\n<h4>Fot\u00f3zni, vide\u00f3zni vagy mindkett\u0151 szeretn\u00e9l?\u00a0<\/h4>\n<p>MILC a te megold\u00e1sod, a nagyobb dinamika tartom\u00e1ny miatt \u00e9s a hydrid haszn\u00e1lat miatt.<\/p>\n<h4>Nappal fot\u00f3zol, este vagy mindkett\u0151?<\/h4>\n<p>Amennyiben nappal fot\u00f3zol legink\u00e1bb, akkor b\u00e1rmelyik megold\u00e1st v\u00e1laszthatod, szenzorm\u00e9retben is v\u00e1laszthatsz kisebbet. Ha este fot\u00f3zol sokat vagy olyan k\u00f6r\u00fclm\u00e9nyek k\u00f6z\u00f6tt, ahol kev\u00e9s a term\u00e9szetes f\u00e9ny \u00e9s nem haszn\u00e1lsz mesters\u00e9ges f\u00e9nyeket, ott aj\u00e1nlom a fullframe mirrorless(MILC) kamer\u00e1kat.<\/p>\n<h4>Ki szeretn\u00e9d nyomtatni a k\u00e9peid, vagy csak digit\u00e1lisan haszn\u00e1ln\u00e1d?<\/h4>\n<p>Itt legink\u00e1bb a megapixelek sz\u00e1ma \u00e9s a szenzor m\u00e9rete lesz a m\u00e9rvad\u00f3, nem a g\u00e9p t\u00edpusa. Nyugodtan mehetsz b\u00e1rmelyik megold\u00e1ssal 24 MP vagy afelett tudod a k\u00e9peket magas min\u0151s\u00e9gben nyomtatni.\u00a0<\/p>\n<h4>Vlogolni szeretn\u00e9l?<\/h4>\n<p>Ez esetben a MILC technol\u00f3gia a te v\u00e1laszt\u00e1sod. Fontos, hogy visszal\u00e1sd az \u00e9l\u0151k\u00e9pet \u00e9s 4K-ban tudj felvenni. Lehet DSLR rendszerekkel is csak azokb\u00f3l a nagyon dr\u00e1g\u00e1k azok, amelyek j\u00f3 vide\u00f3z\u00e1si k\u00e9pess\u00e9gekkel rendelkeznek.<\/p>\n<h4>Fogod ut\u00f3munk\u00e1ban szerkeszteni a k\u00e9peket? (Lightroom, Luminar, Snapseed, Darkroom appokkal)<\/h4>\n<p>Ha a v\u00e1laszod igen akkor \u00e9rdemes olyan g\u00e9pet v\u00e1lasztanod, ami RAW-ban tud fot\u00f3zni(legt\u00f6bb mai g\u00e9p ezt tudja) \u00e9s itt teljesen minden melyik technol\u00f3gi\u00e1t v\u00e1lasztod, mind hozza majd sz\u00e1modra a megold\u00e1st.<\/p>\n<h4>Sokat utazol \u00e9s oda vinn\u00e9d magaddal?<\/h4>\n<p>Fentiek miatt a MILC egy jobb megold\u00e1s lehet mert kisebb, k\u00f6nnyebb \u00e9s j\u00f3 hydrib kamer\u00e1k \u00edgy vide\u00f3kat is tudsz majd k\u00e9sz\u00edteni magas min\u0151s\u00e9gben.<\/p>\n<p><\/p>\n<p><\/p>\n<p>A fenti k\u00e9rd\u00e9sekre adott v\u00e1laszaid lesz\u0171rik a lehet\u0151s\u00e9geid \u00e9s seg\u00edtenek nekem abban, hogy tan\u00e1csot tudjak neked adni.<\/p>\n<p><\/p>\n<p><\/p>\n<h2 class=\"wp-block-heading\">M\u00e9g egy fogalmat kell tiszt\u00e1znunk: a <strong>f\u00e9nyk\u00e9pez\u0151 szenzorok<\/strong> m\u00e9ret\u00e9t.<\/h2>\n<p><\/p>\n<p><\/p>\n<p>Min\u00e9l nagyobb egy kamera szenzora, ann\u00e1l t\u00f6bb f\u00e9nyt tud befogadni \u00e9s ann\u00e1l t\u00f6bb adatot tud t\u00e1rolni az adott k\u00e9pr\u0151l. Ez az\u00e9rt nagyon fontos, mert ha mondjuk elkezded szerkeszteni a k\u00e9peket nagyon nem mindegy, hogy mennyi r\u00f6gz\u00edtett adattal dolgozol. A nagyobb szenzorok t\u00f6bb inform\u00e1ci\u00f3t vesznek fel minta kisebbek csup\u00e1n a m\u00e9ret\u00fckb\u0151l fakad\u00f3lag. \u00c9jszaka, amikor j\u00f3val kevesebb a f\u00e9ny, akkor j\u00f3 ha egy nagyobb \u00e9s \u00e9rz\u00e9kenyebb szenzorod van. T\u00f6bbek k\u00f6z\u00f6tt emiatt is v\u00e1ltottam APS-C-r\u0151l Full Frame-re annak idej\u00e9n.<\/p>\n<p><\/p>\n<p><\/p>\n<p>Jelenleg forgalomban (el\u00e9rhet\u0151 \u00e1ron) a k\u00f6vetkez\u0151 szenzor m\u00e9retek vannak, n\u00f6vekv\u0151 sorrendben. (bejel\u00f6ltem al\u00e1h\u00faz\u00e1ssal azokat, amikkel \u00e9rdemes egy\u00e1ltal\u00e1n foglalkoznod)<\/p>\n<p><\/p>\n<p><\/p>\n<p><\/p>\n<p><\/p>\t\t\t\t\t\t\t\t<\/div>\n\t\t\t\t<\/div>\n\t\t\t\t\t<\/div>\n\t\t<\/div>\n\t\t\t\t\t<\/div>\n\t\t<\/section>\n\t\t\t\t<section class=\"elementor-section elementor-top-section elementor-element elementor-element-83b2c83 elementor-section-boxed elementor-section-height-default elementor-section-height-default\" data-id=\"83b2c83\" data-element_type=\"section\" data-e-type=\"section\">\n\t\t\t\t\t\t<div class=\"elementor-container elementor-column-gap-default\">\n\t\t\t\t\t<div class=\"elementor-column elementor-col-50 elementor-top-column elementor-element elementor-element-08d2e83\" data-id=\"08d2e83\" data-element_type=\"column\" data-e-type=\"column\">\n\t\t\t<div class=\"elementor-widget-wrap elementor-element-populated\">\n\t\t\t\t\t\t<div class=\"elementor-element elementor-element-aae5d86 elementor-widget elementor-widget-text-editor\" data-id=\"aae5d86\" data-element_type=\"widget\" data-e-type=\"widget\" data-widget_type=\"text-editor.default\">\n\t\t\t\t<div class=\"elementor-widget-container\">\n\t\t\t\t\t\t\t\t\t<ul>\n<li>1\/3.2\u201d<\/li>\n<li>1\/2.3\u201d<\/li>\n<li>1\/1.7\u201d<\/li>\n<li>2\/3\u201d<\/li>\n<li>1\/1.2\u201d<\/li>\n<li>1\u201d (<em>ezek az okos telefonok)<\/em><\/li>\n<li>MFT 4\/3\u201d (<em>ezek az okos telefonok)<\/em><\/li>\n<li>1.5\u201d (<em>ezek az okos telefonok \u00e9s kompakt kis f\u00e9nyk\u00e9pez\u0151k)<\/em><\/li>\n<li><u>APS-C (m\u00e1sn\u00e9ven crop szenzor)<\/u><\/li>\n<li><u>Full Frame (35 mm nagy szenzor)<\/u><\/li>\n<\/ul>\t\t\t\t\t\t\t\t<\/div>\n\t\t\t\t<\/div>\n\t\t\t\t\t<\/div>\n\t\t<\/div>\n\t\t\t\t<div class=\"elementor-column elementor-col-50 elementor-top-column elementor-element elementor-element-89dc343\" data-id=\"89dc343\" data-element_type=\"column\" data-e-type=\"column\">\n\t\t\t<div class=\"elementor-widget-wrap elementor-element-populated\">\n\t\t\t\t\t\t<div class=\"elementor-element elementor-element-5a8e56c elementor-widget elementor-widget-image\" data-id=\"5a8e56c\" data-element_type=\"widget\" data-e-type=\"widget\" data-widget_type=\"image.default\">\n\t\t\t\t<div class=\"elementor-widget-container\">\n\t\t\t\t\t\t\t\t\t\t\t\t\t\t\t<img fetchpriority=\"high\" decoding=\"async\" width=\"1160\" height=\"613\" src=\"https:\/\/redfox.photos\/wp-content\/uploads\/2020\/05\/Fe\u0301nyke\u0301pezo\u030bge\u0301p-zenzor-me\u0301retek-1160x613.png\" class=\"attachment-large size-large wp-image-449\" alt=\"\" srcset=\"https:\/\/redfox.photos\/wp-content\/uploads\/2020\/05\/Fe\u0301nyke\u0301pezo\u030bge\u0301p-zenzor-me\u0301retek-1160x613.png 1160w, https:\/\/redfox.photos\/wp-content\/uploads\/2020\/05\/Fe\u0301nyke\u0301pezo\u030bge\u0301p-zenzor-me\u0301retek-800x423.png 800w, https:\/\/redfox.photos\/wp-content\/uploads\/2020\/05\/Fe\u0301nyke\u0301pezo\u030bge\u0301p-zenzor-me\u0301retek-120x63.png 120w, https:\/\/redfox.photos\/wp-content\/uploads\/2020\/05\/Fe\u0301nyke\u0301pezo\u030bge\u0301p-zenzor-me\u0301retek-90x48.png 90w, https:\/\/redfox.photos\/wp-content\/uploads\/2020\/05\/Fe\u0301nyke\u0301pezo\u030bge\u0301p-zenzor-me\u0301retek-320x169.png 320w, https:\/\/redfox.photos\/wp-content\/uploads\/2020\/05\/Fe\u0301nyke\u0301pezo\u030bge\u0301p-zenzor-me\u0301retek-560x296.png 560w, https:\/\/redfox.photos\/wp-content\/uploads\/2020\/05\/Fe\u0301nyke\u0301pezo\u030bge\u0301p-zenzor-me\u0301retek-1536x811.png 1536w, https:\/\/redfox.photos\/wp-content\/uploads\/2020\/05\/Fe\u0301nyke\u0301pezo\u030bge\u0301p-zenzor-me\u0301retek-80x42.png 80w, https:\/\/redfox.photos\/wp-content\/uploads\/2020\/05\/Fe\u0301nyke\u0301pezo\u030bge\u0301p-zenzor-me\u0301retek-240x127.png 240w, https:\/\/redfox.photos\/wp-content\/uploads\/2020\/05\/Fe\u0301nyke\u0301pezo\u030bge\u0301p-zenzor-me\u0301retek-180x95.png 180w, https:\/\/redfox.photos\/wp-content\/uploads\/2020\/05\/Fe\u0301nyke\u0301pezo\u030bge\u0301p-zenzor-me\u0301retek-640x338.png 640w, https:\/\/redfox.photos\/wp-content\/uploads\/2020\/05\/Fe\u0301nyke\u0301pezo\u030bge\u0301p-zenzor-me\u0301retek-1120x592.png 1120w, https:\/\/redfox.photos\/wp-content\/uploads\/2020\/05\/Fe\u0301nyke\u0301pezo\u030bge\u0301p-zenzor-me\u0301retek-1600x845.png 1600w, https:\/\/redfox.photos\/wp-content\/uploads\/2020\/05\/Fe\u0301nyke\u0301pezo\u030bge\u0301p-zenzor-me\u0301retek.png 1200w\" sizes=\"(max-width: 1160px) 100vw, 1160px\" \/>\t\t\t\t\t\t\t\t\t\t\t\t\t\t\t<\/div>\n\t\t\t\t<\/div>\n\t\t\t\t\t<\/div>\n\t\t<\/div>\n\t\t\t\t\t<\/div>\n\t\t<\/section>\n\t\t\t\t<section class=\"elementor-section elementor-top-section elementor-element elementor-element-02d6d70 elementor-section-boxed elementor-section-height-default elementor-section-height-default\" data-id=\"02d6d70\" data-element_type=\"section\" data-e-type=\"section\">\n\t\t\t\t\t\t<div class=\"elementor-container elementor-column-gap-default\">\n\t\t\t\t\t<div class=\"elementor-column elementor-col-100 elementor-top-column elementor-element elementor-element-dbd2700\" data-id=\"dbd2700\" data-element_type=\"column\" data-e-type=\"column\">\n\t\t\t<div class=\"elementor-widget-wrap elementor-element-populated\">\n\t\t\t\t\t\t<div class=\"elementor-element elementor-element-25c1c42 elementor-widget elementor-widget-text-editor\" data-id=\"25c1c42\" data-element_type=\"widget\" data-e-type=\"widget\" data-widget_type=\"text-editor.default\">\n\t\t\t\t<div class=\"elementor-widget-container\">\n\t\t\t\t\t\t\t\t\t<h2>Fot\u00f3zni, vide\u00f3zni vagy mindkett\u0151t egyben szeretn\u00e9l?<\/h2>\n<p>\u00a0<\/p>\n<p>Amennyiben csak fot\u00f3zni szeretn\u00e9l \u00e9s kezd\u0151 vagy, akkor szinte mindegy, hogy DSLR vagy MILC. Mindkett\u0151 megteszi a mag\u00e1\u00e9t, csup\u00e1n egy okot tudok mondani most, hogy mi\u00e9rt tal\u00e1n a MILC: jobban l\u00e1tod el\u0151re, hogy milyen lesz a k\u00e9p \u00e9s nem \u00e9r annyi meglepet\u00e9s, mikor otthon megnyitod a k\u00e9peket. Amennyiben AUTO m\u00f3dban haszn\u00e1lod, akkor a modern elektronika az\u00e9rt nem fog nagy meglepet\u00e9st okozni, de ha f\u00e9l automata m\u00f3dok egyik\u00e9ben vagy teljesen manu\u00e1lisan fogod a k\u00e9peket elk\u00e9sz\u00edteni, akkor lehetnek kellemetlen felismer\u00e9seid, ha DSLR-t haszn\u00e1lsz \u00e9s nem csin\u00e1lt\u00e1l teszt k\u00e9peket.<\/p>\n<p>Ha vide\u00f3zol, akkor egy\u00e9rtelm\u0171en azt kell mondjam neked, hogy a MILC a Te utad. K\u00f6nnyebb, egyszer\u0171bb, \u00edgy tartani is jobb mikor tart\u00f3san veszel valamit. Amennyiben hybrid vagy teh\u00e1t mindkett\u0151 a c\u00e9lod, akkor is azt kell mondjam, hogy a t\u00fck\u00f6r n\u00e9lk\u00fcli rendszerek fel\u00e9 vedd ink\u00e1bb az ir\u00e1nyt. Tal\u00e1n \u00fagy t\u0171nhet, hogy elfogult vagyok a MILC ir\u00e1nt, nem titkolom csak ilyen g\u00e9peim voltak, vannak, de ismerem ezeknek a h\u00e1tul\u00fct\u0151it is \u00e9s haszn\u00e1ltam DSLR rendszereket is. Ezek teljes tudat\u00e1ban mondom azt, hogy a t\u00fck\u00f6r n\u00e9lk\u00fcli v\u00e1zak k\u00e9pviselik a j\u00f6v\u0151t.<\/p>\n<p>Amennyiben vlogoni szeretn\u00e9l, akkor szint\u00e9n a MILC a j\u00f3 v\u00e1laszt\u00e1s, azonban itt figyelj arra, hogy a h\u00e1ts\u00f3 kijelz\u0151 kihajthat\u00f3 legyen \u00e9s l\u00e1sd magad benne, mikor besz\u00e9lsz, mert az nagyon d\u00fch\u00edt\u0151 tud lenni, amikor nem l\u00e1tod magad felv\u00e9telkor \u00e9s ut\u00f3lag der\u00fcl ki, hogy pl. nem k\u00f6z\u00e9pen \u00fclt\u00e9l vagy besz\u0171r\u0151dik egy f\u00e9ny, emiatt elm\u00e1szik a f\u00f3kusz folyamatosan \u00e9s mindent kezdhetsz el\u00f6lr\u0151l, stb.<\/p>\n<p>\u00a0<\/p>\n<h2>Nappal, este vagy mindkett\u0151 napszakban fot\u00f3zol?<\/h2>\n<p>\u00a0<\/p>\n<p>B\u00e1rmennyire is bagatellnek t\u0171nhet a k\u00e9rd\u00e9s, fontos tudni, mert a kamera k\u00e9pess\u00e9gei az \u00e9jszakai vagy a k\u00e9s\u0151 d\u00e9lut\u00e1ni fot\u00f3z\u00e1st nagyban befoly\u00e1solj\u00e1k. Amennyiben esti, vagy k\u00e9s\u0151 d\u00e9lut\u00e1ni k\u00e9peket k\u00e9sz\u00edtesz, akkor h\u00e1rom dolog lesz neked nagyon fontos:<\/p>\n<p>\u00a0<\/p>\n<ul>\n<li>Legyen el\u00e9g \u00e9rz\u00e9keny a szenzorom \u00e9s b\u00edrja a magas ISO tartom\u00e1nyt. Amennyiben nem kezeli azt j\u00f3l, akkor apr\u00f3 szemcs\u00e9k jelennek meg a k\u00e9peken, amelyeket ut\u00f3munk\u00e1val lehet egy szintig kezelni, de jobb ezt a fot\u00f3 elk\u00e9sz\u00fcltekor.<\/li>\n<li>Gyors- nagy f\u00e9nyerej\u0171 lencs\u00e9t fogsz haszn\u00e1lni (ezek \u00e1ltal\u00e1ban az igen dr\u00e1g\u00e1k), mert akkor lehet rosszabb a szenzorod, ha a lencse k\u00e9pes elegend\u0151 f\u00e9nyt beengedni<\/li>\n<li>Mennyire stabil a kezed, vagy haszn\u00e1lsz-e kamera \u00e1llv\u00e1nyt? Amennyiben remeg\u0151sebb a kezed, akkor 1\/50 z\u00e1rid\u0151 al\u00e1 ne nagyon menj mert a kezed remeg\u00e9se megjelenhet a k\u00e9pekben \u00e1ltal\u00e1ban 1\/13-n\u00e1l m\u00e1r megszokott.<\/li>\n<\/ul>\n<p>Az expoz\u00edci\u00f3 alapjai ennek a h\u00e1rom technikai t\u00e9nyez\u0151nek a tudatos haszn\u00e1lat\u00e1r\u00f3l sz\u00f3lnak<em>. Ezt a digit\u00e1lis fot\u00f3z\u00e1s alapjai cikkemben ki fogom majd r\u00e9szletesebben bontani sz\u00e1motokra.<\/em><\/p>\t\t\t\t\t\t\t\t<\/div>\n\t\t\t\t<\/div>\n\t\t\t\t<div class=\"elementor-element elementor-element-4a5e1ee elementor-widget elementor-widget-image\" data-id=\"4a5e1ee\" data-element_type=\"widget\" data-e-type=\"widget\" data-widget_type=\"image.default\">\n\t\t\t\t<div class=\"elementor-widget-container\">\n\t\t\t\t\t\t\t\t\t\t\t\t\t\t\t<img decoding=\"async\" width=\"1160\" height=\"653\" src=\"https:\/\/redfox.photos\/wp-content\/uploads\/2021\/02\/20200214-DSC09165-1160x653.jpg\" class=\"attachment-large size-large wp-image-849\" alt=\"Napfelkelte Balin\" srcset=\"https:\/\/redfox.photos\/wp-content\/uploads\/2021\/02\/20200214-DSC09165-1160x653.jpg 1160w, https:\/\/redfox.photos\/wp-content\/uploads\/2021\/02\/20200214-DSC09165-800x450.jpg 800w, https:\/\/redfox.photos\/wp-content\/uploads\/2021\/02\/20200214-DSC09165-120x68.jpg 120w, https:\/\/redfox.photos\/wp-content\/uploads\/2021\/02\/20200214-DSC09165-90x51.jpg 90w, https:\/\/redfox.photos\/wp-content\/uploads\/2021\/02\/20200214-DSC09165-320x180.jpg 320w, https:\/\/redfox.photos\/wp-content\/uploads\/2021\/02\/20200214-DSC09165-560x315.jpg 560w, https:\/\/redfox.photos\/wp-content\/uploads\/2021\/02\/20200214-DSC09165.jpg 1200w\" sizes=\"(max-width: 1160px) 100vw, 1160px\" \/>\t\t\t\t\t\t\t\t\t\t\t\t\t\t\t<\/div>\n\t\t\t\t<\/div>\n\t\t\t\t<div class=\"elementor-element elementor-element-c8c10da elementor-widget elementor-widget-text-editor\" data-id=\"c8c10da\" data-element_type=\"widget\" data-e-type=\"widget\" data-widget_type=\"text-editor.default\">\n\t\t\t\t<div class=\"elementor-widget-container\">\n\t\t\t\t\t\t\t\t\t<p>Teh\u00e1t ha nappal fot\u00f3zol, akkor j\u00f3 egy crop sensor (APS-C) mindegy, hogy DSLR vagy MILC. Ha este akkor ink\u00e1bb a Full Frame ir\u00e1nyt keress\u00e9tek (ezek a dr\u00e1ga g\u00e9pek). Ha egy este is el\u00e9g j\u00f3l viselked\u0151, \u00e1rban j\u00f3 g\u00e9pet kerestek akkor a Sony A6000 sz\u00e9ria nekem nagyon bev\u00e1lt.<\/p>\n<p><\/p>\n<h2>Ki szeretn\u00e9d nyomtatni a k\u00e9peid, vagy csak digit\u00e1lisan haszn\u00e1ln\u00e1d?<\/h2>\n<p><\/p>\n<p>Amennyiben az Instagramra vagy b\u00e1rmilyen digit\u00e1lis fel\u00fcletre k\u00e9sz\u00edtesz k\u00e9pet, akkor t\u00f6k\u00e9letesen el\u00e9g egy okostelefon is, aminek jobb a kamer\u00e1ja. iPhone 7-t\u0151l felfele pl. m\u00e1r nagyon j\u00f3 kis k\u00e9peket lehet csin\u00e1lni!<\/p>\n<p><\/p>\n<p>A nyomtat\u00e1s, azonban egy m\u00e1sik szint. Ott b\u0151ven 12MP(megapixel) feletti szenzorokra van sz\u00fcks\u00e9g. A mond\u00e1s az, hogy a profik, akik mondjuk \u00f3ri\u00e1splak\u00e1tokra, \u00fajs\u00e1gokba k\u00e9sz\u00edtenek anyagokat, kiz\u00e1r\u00f3lag Full Frame v\u00e1zakat \u00e9s abb\u00f3l is a magas megapixel sz\u00e1m\u00fa szenzorokat haszn\u00e1lj\u00e1k, a 36MP felettieket.<\/p>\n<p><\/p>\n<p>Nagy k\u00fcl\u00f6nbs\u00e9g abban rejlik, hogy monitoron pixelekb\u0151l \u00e1ll \u00f6ssze a k\u00e9p, \u00edgy nem l\u00e1tszik annyira, ha szemcs\u00e9s, m\u00edg kinyomtatva ugye \u201emegfesti\u201d a nyomtat\u00f3 a pap\u00edrt \u00e9s ott a pixelek vannak \u00e1tford\u00edtva \u00f6sszef\u00fcgg\u0151 inform\u00e1ci\u00f3v\u00e1&#8230; Ha nem el\u00e9g \u201es\u0171r\u0171\u201d az adathalmaz \u00e9s nem tartalmaz kell\u0151 mennyis\u00e9get, akkor a nyomtat\u00e1skor pixelek, foltok fognak l\u00e1tszani.&nbsp;<\/p>\n<p>Ha otthoni c\u00e9lra szeretn\u00e9l nyomtatni, akkor el\u00e9g ha egy 24MP g\u00e9pet v\u00e1lassz, ami lehet APS-C szenzor\u00fa is. Nekem is sz\u00e1mtalan ilyen k\u00e9pem van kinyomtatva itthon \u00e9s t\u00f6k\u00e9letes min\u0151s\u00e9gben siker\u00fclt megoldani a nyomtat\u00e1st.<\/p>\t\t\t\t\t\t\t\t<\/div>\n\t\t\t\t<\/div>\n\t\t\t\t<div class=\"elementor-element elementor-element-31b93e2 elementor-widget elementor-widget-text-editor\" data-id=\"31b93e2\" data-element_type=\"widget\" data-e-type=\"widget\" data-widget_type=\"text-editor.default\">\n\t\t\t\t<div class=\"elementor-widget-container\">\n\t\t\t\t\t\t\t\t\t<h2>Fogod szerkeszteni a k\u00e9peket valamilyen fot\u00f3szerkeszt\u0151ben?<\/h2>\n<p><\/p>\n<p>Amennyiben a v\u00e1laszod nem, akkor el\u00e9g egy jobb kamer\u00e1val rendelkez\u0151 telefon is. \u00cdgy a digit\u00e1lis t\u00e9rben t\u00f6rt\u00e9n\u0151 felhaszn\u00e1l\u00e1sra t\u00f6k\u00e9letes tud lenni! Nyomtat\u00e1sban is m\u00e9g csak-csak, de nem ugyanaz az \u00e9lm\u00e9ny. Ha szerkeszted a k\u00e9pet fontos, hogy maga a kamerarendszer szoftveresen<b>&nbsp;<\/b><span style=\"color: var(--c-dark);\"><b>k\u00e9pes legyen RAW<\/b><\/span><b>-ban fot\u00f3zni.<\/b><\/p>\t\t\t\t\t\t\t\t<\/div>\n\t\t\t\t<\/div>\n\t\t\t\t<div class=\"elementor-element elementor-element-4f8f233 elementor-widget elementor-widget-image\" data-id=\"4f8f233\" data-element_type=\"widget\" data-e-type=\"widget\" data-widget_type=\"image.default\">\n\t\t\t\t<div class=\"elementor-widget-container\">\n\t\t\t\t\t\t\t\t\t\t\t\t\t\t\t<img decoding=\"async\" width=\"1000\" height=\"562\" src=\"https:\/\/redfox.photos\/wp-content\/uploads\/2021\/09\/DSC08257-Edit.jpg\" class=\"attachment-large size-large wp-image-23467\" alt=\"Moln\u00e1r Andrea napfeltekor a R\u00f3kahegyen\" srcset=\"https:\/\/redfox.photos\/wp-content\/uploads\/2021\/09\/DSC08257-Edit.jpg 1000w, https:\/\/redfox.photos\/wp-content\/uploads\/2021\/09\/DSC08257-Edit-800x450.jpg 800w\" sizes=\"(max-width: 1000px) 100vw, 1000px\" \/>\t\t\t\t\t\t\t\t\t\t\t\t\t\t\t<\/div>\n\t\t\t\t<\/div>\n\t\t\t\t<div class=\"elementor-element elementor-element-b16a76e elementor-widget elementor-widget-text-editor\" data-id=\"b16a76e\" data-element_type=\"widget\" data-e-type=\"widget\" data-widget_type=\"text-editor.default\">\n\t\t\t\t<div class=\"elementor-widget-container\">\n\t\t\t\t\t\t\t\t\t<h2><span style=\"font-size: 35px;\">\u00c9rtem \u00e9n, de mi az a RAW-ban fot\u00f3z\u00e1s?<\/span><\/h2>\n<p><\/p>\n<p>Azt gondolom tudj\u00e1tok, hogy a k\u00e9peknek van digit\u00e1lis kiterjeszt\u00e9se, form\u00e1tuma, mint p\u00e9ld\u00e1ul: JPG, PNG, WebP stb. Ezek t\u00f6m\u00f6r\u00edtett f\u00e1jlok. Azt jelenti, hogy a k\u00e9peket digit\u00e1lisan t\u00f6m\u00f6r\u00edti a kamera, hogy kisebbek legyenek k\u00f6nnyeb legyen \u0151ket k\u00fcld\u00f6zgetni vagy ak\u00e1r csak a weben haszn\u00e1lni. Min\u00e9l t\u00f6m\u00f6r\u00edtettebbek, ann\u00e1l but\u00e1bbak ezek a k\u00e9pek: ann\u00e1l kevesebb benn\u00fcnk az az inform\u00e1ci\u00f3, amit mondjuk egy szerkeszt\u0151 program olvasni tud.<\/p>\n<p><\/p>\n<p>Pl. Az \u00e9n Sony A7III v\u00e1zam, ha JPG-ben csin\u00e1lok egy k\u00e9pet, akkor a k\u00e9p 10-18 Mbyte nagys\u00e1g\u00fa, ennyi digit\u00e1lis inform\u00e1ci\u00f3t tartalmaz.<\/p>\n<p><\/p>\n<p>Ezzel szemben a RAW form\u00e1tum nem t\u00f6m\u00f6r\u00edti k\u00e9pet \u00e9s a lehet\u0151 legt\u00f6bb inform\u00e1ci\u00f3t teszi bele. Ennek felel\u0151en sokkal nagyobbak, sokkal nehezebb szerkeszteni \u0151ket (itt arra gondolok, er\u0151s g\u00e9pek kellenek hozz\u00e1), viszont \u00e9g \u00e9s f\u00f6ld a min\u0151s\u00e9gbeli k\u00fcl\u00f6nbs\u00e9g.<\/p>\n<p><\/p>\n<p>Pl. Az \u00e9n Sony A7III v\u00e1zam, ha RAW-ban fot\u00f3zok, akkor 30-50 Mbyte egy k\u00e9p m\u00e9rete! Ez 3-4x t\u00f6bb adatot tartalmaz, mint JPG-ben. H\u00e1tul\u00fct\u0151je, hogy gyorsabb \u00e9s nagyobb t\u00e1rhely kapacit\u00e1s\u00fa SD k\u00e1rty\u00e1kat kell v\u00e1s\u00e1rolni hozz\u00e1. Szerkeszt\u00e9skor sz\u00fcks\u00e9ges lesz az er\u0151s hardver, hogy feldolgozza a k\u00e9peket a sz\u00e1m\u00edt\u00f3g\u00e9ped.<\/p>\n<p><\/p>\n<p>Teh\u00e1t ha szerkeszteni szeretn\u00e9d a k\u00e9peid, n\u00e9zd meg, hogy a kamera k\u00e9pes-e RAW form\u00e1tumra. (legt\u00f6bb \u00faj kamera m\u00e9g a kompaktak is k\u00e9pesek erre, s\u0151t a mobiltelefonokban is van ilyen opci\u00f3, halad\u00f3 m\u00f3dban). \u00c9n azt javaslom, hogy mindig RAW-ban fot\u00f3zz.<\/p>\n<p><\/p>\n<h2>Utazol sokat \u00e9s oda vinn\u00e9d magaddal?<\/h2>\n<p><\/p>\n<p>Ha utazol, akkor a m\u00e9ret a l\u00e9nyeg. K\u00f6nnyen, gyorsan el\u0151 tudd venni b\u00e1rhol, b\u00e1rmikor \u00e9s ne kelljen t\u00f6bb kil\u00f3nyi lencs\u00e9t \u00e9s egyebet vinned magaddal. Ha nem tervezel profi fot\u00f3z\u00e1st, csup\u00e1n a csal\u00e1dot \u00e9s a nyaral\u00e1st szeretn\u00e9d meg\u00f6r\u00f6k\u00edteni, akkor k\u00e9rlek ne vegy\u00e9l egy cser\u00e9lhet\u0151 lencs\u00e9s rendszert csak magad szivatod meg ezzel. Pihenni m\u00e9sz ne azon agg\u00f3dj, hogy j\u00f3 k\u00e9p k\u00e9sz\u00fcl-e. Csup\u00e1n \u00e9lvezd!<\/p>\n<p><\/p>\n<p>Amikor \u00e9n utazom \u00e9s fot\u00f3zni is szeretn\u00e9k, akkor egy k\u00fcl\u00f6n t\u00e1sk\u00e1t kell vigyek magammal. Benne van a t\u00e1sk\u00e1mban mindig:<\/p>\n<p><\/p>\n<span style=\"color: var( --e-global-color-text ); font-family: var( --e-global-typography-text-font-family ), Sans-serif;\">3-4 objekt\u00edv<\/span><br><span style=\"color: var( --e-global-color-text ); font-family: var( --e-global-typography-text-font-family ), Sans-serif;\">1 v\u00e1z<\/span><br><span style=\"color: var( --e-global-color-text ); font-family: var( --e-global-typography-text-font-family ), Sans-serif;\">1 dr\u00f3n<\/span><br><span style=\"color: var( --e-global-color-text ); font-family: var( --e-global-typography-text-font-family ), Sans-serif;\">4-5 akkumul\u00e1torral<\/span><br><span style=\"color: var( --e-global-color-text ); font-family: var( --e-global-typography-text-font-family ), Sans-serif;\">power bank<\/span><br><span style=\"color: var( --e-global-color-text ); font-family: var( --e-global-typography-text-font-family ), Sans-serif;\">k\u00e1belek<\/span><br><span style=\"color: var( --e-global-color-text ); font-family: var( --e-global-typography-text-font-family ), Sans-serif;\">tiszt\u00edt\u00f3 eszk\u00f6z\u00f6k<\/span><br><ul>\n<\/ul>\n<p>&#8230; H\u00e1t ilyenkor, nem a pihen\u00e9s \u00e9s a nyaral\u00e1s az els\u0151&#8230;<\/p>\n<p><\/p>\n<p>Erre a c\u00e9lra egy j\u00f3 kompakt mirrorless -t tudn\u00e9k javasolni, amihez vagy egy &nbsp;nagy \u00e1tfog\u00e1s\u00fa, nagyl\u0171t\u00f3sz\u00f6g\u0171(24 mm-t\u0151l felfele) &nbsp;zoom objekt\u00edved \u00e9s kicsi emellett. Ilyen pl. a&nbsp;<a href=\"http:\/\/www.fotovideo.hu\/tesztek\/kamerak\/teszt+sony+rx100+vi+%E2%80%93+tenyernyi+csucstarto.html\" target=\"_blank\" rel=\"noreferrer noopener\">SONY RX sz\u00e9ri\u00e1ja<\/a>. (mondjuk ez nem az olcs\u00f3 kateg\u00f3ria, de ez egy tipikusan j\u00f3 <b>utaz\u00f3 kamera<\/b>)<\/p>\n<p><\/p>\n<p>Rem\u00e9lem ezek ment\u00e9n kicsit \u00e1tl\u00e1that\u00f3bb k\u00e9pet kapt\u00e1l arr\u00f3l, hogy milyen rendszer a neked val\u00f3. Ha ezek ut\u00e1n m\u00e9g mindig lenne k\u00e9rd\u00e9sed&nbsp;<a href=\"https:\/\/redfox.photos\/en\/kapcsolat\/\">keress bizalommal<\/a>.<\/p>\n<p><\/p>\n<p>Munk\u00e1im \u00e9s k\u00e9peim az&nbsp;<a href=\"https:\/\/www.instagram.com\/szabolcs.taking.pictures\/\">Instagram oldalon<\/a>&nbsp;meg tudod n\u00e9zni kicsiben \u00e9s a&nbsp;<a href=\"https:\/\/serato.picfair.com\/\">Picfair oldalamon<\/a>&nbsp;meg is tudod v\u00e1s\u00e1rolni, ha valamelyiket szeretn\u00e9d a szob\u00e1d fal\u00e1ra. K\u00f6vess&nbsp;<a href=\"https:\/\/unsplash.com\/@szabolcs_taking_pictures\">Unsplash<\/a>&nbsp;\u00e9s&nbsp;<a href=\"https:\/\/www.pexels.com\/@tothszabolcs\" target=\"_blank\" rel=\"noreferrer noopener\">Pexels<\/a>-en is!<\/p>\t\t\t\t\t\t\t\t<\/div>\n\t\t\t\t<\/div>\n\t\t\t\t\t<\/div>\n\t\t<\/div>\n\t\t\t\t\t<\/div>\n\t\t<\/section>\n\t\t\t\t<section class=\"elementor-section elementor-top-section elementor-element elementor-element-d6cef83 elementor-section-boxed elementor-section-height-default elementor-section-height-default\" data-id=\"d6cef83\" data-element_type=\"section\" data-e-type=\"section\">\n\t\t\t\t\t\t<div class=\"elementor-container elementor-column-gap-default\">\n\t\t\t\t\t<div class=\"elementor-column elementor-col-100 elementor-top-column elementor-element elementor-element-eed6ab6\" data-id=\"eed6ab6\" data-element_type=\"column\" data-e-type=\"column\">\n\t\t\t<div class=\"elementor-widget-wrap elementor-element-populated\">\n\t\t\t\t\t\t<div class=\"elementor-element elementor-element-efe72b7 elementor-grid-3 elementor-grid-tablet-2 elementor-grid-mobile-1 elementor-widget elementor-widget-portfolio\" data-id=\"efe72b7\" data-element_type=\"widget\" data-e-type=\"widget\" data-settings=\"{&quot;columns&quot;:&quot;3&quot;,&quot;columns_tablet&quot;:&quot;2&quot;,&quot;columns_mobile&quot;:&quot;1&quot;,&quot;item_ratio&quot;:{&quot;unit&quot;:&quot;px&quot;,&quot;size&quot;:0.66000000000000003108624468950438313186168670654296875,&quot;sizes&quot;:[]},&quot;item_gap&quot;:{&quot;unit&quot;:&quot;px&quot;,&quot;size&quot;:&quot;&quot;,&quot;sizes&quot;:[]},&quot;row_gap&quot;:{&quot;unit&quot;:&quot;px&quot;,&quot;size&quot;:&quot;&quot;,&quot;sizes&quot;:[]}}\" data-widget_type=\"portfolio.default\">\n\t\t\t\t<div class=\"elementor-widget-container\">\n\t\t\t\t\t\t\t<div class=\"elementor-portfolio elementor-grid elementor-posts-container\">\n\t\t\t\t<article class=\"elementor-portfolio-item elementor-post  post-24594 post type-post status-publish format-standard has-post-thumbnail hentry category-fotozas\">\n\t\t\t<a class=\"elementor-post__thumbnail__link\" href=\"https:\/\/redfox.photos\/en\/fotozas\/egy-fotos-egy-bauxit-banya-es-nehany-shaker-biotechusa-kalandjaim\/\">\n\t\t\t\t<div class=\"elementor-portfolio-item__img elementor-post__thumbnail\">\n\t\t\t<img loading=\"lazy\" decoding=\"async\" width=\"800\" height=\"533\" src=\"https:\/\/redfox.photos\/wp-content\/uploads\/2025\/01\/TSZ07143-800x533.jpg\" class=\"attachment-medium size-medium wp-image-24548\" alt=\"Fun and happy lifestyle\" srcset=\"https:\/\/redfox.photos\/wp-content\/uploads\/2025\/01\/TSZ07143-800x533.jpg 800w, https:\/\/redfox.photos\/wp-content\/uploads\/2025\/01\/TSZ07143-1160x773.jpg 1160w, https:\/\/redfox.photos\/wp-content\/uploads\/2025\/01\/TSZ07143-1536x1024.jpg 1536w, https:\/\/redfox.photos\/wp-content\/uploads\/2025\/01\/TSZ07143-18x12.jpg 18w, https:\/\/redfox.photos\/wp-content\/uploads\/2025\/01\/TSZ07143.jpg 2048w\" sizes=\"(max-width: 800px) 100vw, 800px\" \/>\t\t<\/div>\n\t\t\t\t<div class=\"elementor-portfolio-item__overlay\">\n\t\t\t\t<h3 class=\"elementor-portfolio-item__title\">\n\t\tEgy fot\u00f3s, egy bauxit b\u00e1nya \u00e9s n\u00e9h\u00e1ny shaker &#8211; BioTechUSA kalandjaim\t\t<\/h3>\n\t\t\t\t<\/div>\n\t\t\t\t<\/a>\n\t\t<\/article>\n\t\t\t\t<article class=\"elementor-portfolio-item elementor-post  post-24486 post type-post status-publish format-standard has-post-thumbnail hentry category-fotozas\">\n\t\t\t<a class=\"elementor-post__thumbnail__link\" href=\"https:\/\/redfox.photos\/en\/fotozas\/a-jo-fenyhasznalat-fontossaga-a-portrefotozasban-2023-ban\/\">\n\t\t\t\t<div class=\"elementor-portfolio-item__img elementor-post__thumbnail\">\n\t\t\t<img loading=\"lazy\" decoding=\"async\" width=\"800\" height=\"797\" src=\"https:\/\/redfox.photos\/wp-content\/uploads\/2022\/02\/Luke-Craft-photography_5-800x797.jpg\" class=\"attachment-medium size-medium wp-image-24181\" alt=\"\" srcset=\"https:\/\/redfox.photos\/wp-content\/uploads\/2022\/02\/Luke-Craft-photography_5-800x797.jpg 800w, https:\/\/redfox.photos\/wp-content\/uploads\/2022\/02\/Luke-Craft-photography_5-1160x1156.jpg 1160w, https:\/\/redfox.photos\/wp-content\/uploads\/2022\/02\/Luke-Craft-photography_5.jpg 1003w\" sizes=\"(max-width: 800px) 100vw, 800px\" \/>\t\t<\/div>\n\t\t\t\t<div class=\"elementor-portfolio-item__overlay\">\n\t\t\t\t<h3 class=\"elementor-portfolio-item__title\">\n\t\tTal\u00e1ld meg a megfelel\u0151 f\u00e9nyt portr\u00e9idhoz kezd\u0151knek\t\t<\/h3>\n\t\t\t\t<\/div>\n\t\t\t\t<\/a>\n\t\t<\/article>\n\t\t\t\t<article class=\"elementor-portfolio-item elementor-post  post-24169 post type-post status-publish format-standard has-post-thumbnail hentry category-fotozas\">\n\t\t\t<a class=\"elementor-post__thumbnail__link\" href=\"https:\/\/redfox.photos\/en\/fotozas\/portre-fotozas-alapjai-es-technikai-feltetelei-kezdoknek\/\">\n\t\t\t\t<div class=\"elementor-portfolio-item__img elementor-post__thumbnail\">\n\t\t\t<img loading=\"lazy\" decoding=\"async\" width=\"800\" height=\"419\" src=\"https:\/\/redfox.photos\/wp-content\/uploads\/2022\/02\/portrefotozas-alapjai-800x419.jpg\" class=\"attachment-medium size-medium wp-image-24218\" alt=\"Portr\u00e9fot\u00f3z\u00e1s alapjai\" srcset=\"https:\/\/redfox.photos\/wp-content\/uploads\/2022\/02\/portrefotozas-alapjai-800x419.jpg 800w, https:\/\/redfox.photos\/wp-content\/uploads\/2022\/02\/portrefotozas-alapjai-1160x607.jpg 1160w, https:\/\/redfox.photos\/wp-content\/uploads\/2022\/02\/portrefotozas-alapjai.jpg 1200w\" sizes=\"(max-width: 800px) 100vw, 800px\" \/>\t\t<\/div>\n\t\t\t\t<div class=\"elementor-portfolio-item__overlay\">\n\t\t\t\t<h3 class=\"elementor-portfolio-item__title\">\n\t\tPortr\u00e9 fot\u00f3z\u00e1s alapjai \u00e9s technikai felt\u00e9telei kezd\u0151knek\t\t<\/h3>\n\t\t\t\t<\/div>\n\t\t\t\t<\/a>\n\t\t<\/article>\n\t\t\t\t<article class=\"elementor-portfolio-item elementor-post  post-738 post type-post status-publish format-standard has-post-thumbnail hentry category-fotozas\">\n\t\t\t<a class=\"elementor-post__thumbnail__link\" href=\"https:\/\/redfox.photos\/en\/fotozas\/fotozas-karanten-ideje-alatt-avagy-hogyan-eld-tul-a-jarvanyhelyzetet\/\">\n\t\t\t\t<div class=\"elementor-portfolio-item__img elementor-post__thumbnail\">\n\t\t\t<img loading=\"lazy\" decoding=\"async\" width=\"800\" height=\"420\" src=\"https:\/\/redfox.photos\/wp-content\/uploads\/2020\/09\/nyar-es-o\u030bsz-800x420.jpg\" class=\"attachment-medium size-medium wp-image-750\" alt=\"Szerkesztd \u00fajra k\u00e9peid a karant\u00e9n alatt\" srcset=\"https:\/\/redfox.photos\/wp-content\/uploads\/2020\/09\/nyar-es-o\u030bsz-800x420.jpg 800w, https:\/\/redfox.photos\/wp-content\/uploads\/2020\/09\/nyar-es-o\u030bsz-1160x609.jpg 1160w, https:\/\/redfox.photos\/wp-content\/uploads\/2020\/09\/nyar-es-o\u030bsz-120x63.jpg 120w, https:\/\/redfox.photos\/wp-content\/uploads\/2020\/09\/nyar-es-o\u030bsz-90x47.jpg 90w, https:\/\/redfox.photos\/wp-content\/uploads\/2020\/09\/nyar-es-o\u030bsz-320x168.jpg 320w, https:\/\/redfox.photos\/wp-content\/uploads\/2020\/09\/nyar-es-o\u030bsz-560x294.jpg 560w, https:\/\/redfox.photos\/wp-content\/uploads\/2020\/09\/nyar-es-o\u030bsz.jpg 1200w\" sizes=\"(max-width: 800px) 100vw, 800px\" \/>\t\t<\/div>\n\t\t\t\t<div class=\"elementor-portfolio-item__overlay\">\n\t\t\t\t<h3 class=\"elementor-portfolio-item__title\">\n\t\tFot\u00f3z\u00e1s karant\u00e9nkor, \u00edgy \u00e9ld t\u00fal a j\u00e1rv\u00e1nyhelyzetet\t\t<\/h3>\n\t\t\t\t<\/div>\n\t\t\t\t<\/a>\n\t\t<\/article>\n\t\t\t\t<article class=\"elementor-portfolio-item elementor-post  post-496 post type-post status-publish format-standard has-post-thumbnail hentry category-fotozas\">\n\t\t\t<a class=\"elementor-post__thumbnail__link\" href=\"https:\/\/redfox.photos\/en\/fotozas\/romai-fotozas-mit-vigyel-magaddal-az-orok-varosba\/\">\n\t\t\t\t<div class=\"elementor-portfolio-item__img elementor-post__thumbnail\">\n\t\t\t<img loading=\"lazy\" decoding=\"async\" width=\"800\" height=\"533\" src=\"https:\/\/redfox.photos\/wp-content\/uploads\/2020\/08\/20180616-DSC07463-800x533.jpg\" class=\"attachment-medium size-medium wp-image-571\" alt=\"Vatik\u00e1ni l\u00e9pcs\u0151, amely m\u00e9lt\u00e1n lett h\u00edres \u00e9s R\u00f3ma \u00e9kk\u00f6ve\" srcset=\"https:\/\/redfox.photos\/wp-content\/uploads\/2020\/08\/20180616-DSC07463-800x533.jpg 800w, https:\/\/redfox.photos\/wp-content\/uploads\/2020\/08\/20180616-DSC07463-1160x773.jpg 1160w, https:\/\/redfox.photos\/wp-content\/uploads\/2020\/08\/20180616-DSC07463-600x400.jpg 600w, https:\/\/redfox.photos\/wp-content\/uploads\/2020\/08\/20180616-DSC07463-1536x1024.jpg 1536w, https:\/\/redfox.photos\/wp-content\/uploads\/2020\/08\/20180616-DSC07463-120x80.jpg 120w, https:\/\/redfox.photos\/wp-content\/uploads\/2020\/08\/20180616-DSC07463-90x60.jpg 90w, https:\/\/redfox.photos\/wp-content\/uploads\/2020\/08\/20180616-DSC07463-320x213.jpg 320w, https:\/\/redfox.photos\/wp-content\/uploads\/2020\/08\/20180616-DSC07463-560x373.jpg 560w, https:\/\/redfox.photos\/wp-content\/uploads\/2020\/08\/20180616-DSC07463-1920x1280.jpg 1920w, https:\/\/redfox.photos\/wp-content\/uploads\/2020\/08\/20180616-DSC07463.jpg 1200w\" sizes=\"(max-width: 800px) 100vw, 800px\" \/>\t\t<\/div>\n\t\t\t\t<div class=\"elementor-portfolio-item__overlay\">\n\t\t\t\t<h3 class=\"elementor-portfolio-item__title\">\n\t\tR\u00f3mai v\u00e1rosi fot\u00f3z\u00e1s, mit vigy\u00e9l magaddal az \u00f6r\u00f6k v\u00e1rosba\t\t<\/h3>\n\t\t\t\t<\/div>\n\t\t\t\t<\/a>\n\t\t<\/article>\n\t\t\t\t<article class=\"elementor-portfolio-item elementor-post  post-448 post type-post status-publish format-standard has-post-thumbnail hentry category-fotozas\">\n\t\t\t<a class=\"elementor-post__thumbnail__link\" href=\"https:\/\/redfox.photos\/en\/fotozas\/digitalis-fotozas-milyen-fenykepezogepet-vegyel\/\">\n\t\t\t\t<div class=\"elementor-portfolio-item__img elementor-post__thumbnail\">\n\t\t\t<img loading=\"lazy\" decoding=\"async\" width=\"800\" height=\"380\" src=\"https:\/\/redfox.photos\/wp-content\/uploads\/2020\/05\/Milyen-fenykepezo-gepet-vegyel-800x380.jpg\" class=\"attachment-medium size-medium wp-image-24521\" alt=\"MIlyen f\u00e9nyk\u00e9pez\u0151 g\u00e9pet vegy\u00e9l?\" srcset=\"https:\/\/redfox.photos\/wp-content\/uploads\/2020\/05\/Milyen-fenykepezo-gepet-vegyel-800x380.jpg 800w, https:\/\/redfox.photos\/wp-content\/uploads\/2020\/05\/Milyen-fenykepezo-gepet-vegyel-1160x551.jpg 1160w, https:\/\/redfox.photos\/wp-content\/uploads\/2020\/05\/Milyen-fenykepezo-gepet-vegyel-18x9.jpg 18w, https:\/\/redfox.photos\/wp-content\/uploads\/2020\/05\/Milyen-fenykepezo-gepet-vegyel.jpg 1200w\" sizes=\"(max-width: 800px) 100vw, 800px\" \/>\t\t<\/div>\n\t\t\t\t<div class=\"elementor-portfolio-item__overlay\">\n\t\t\t\t<h3 class=\"elementor-portfolio-item__title\">\n\t\tMilyen f\u00e9nyk\u00e9pez\u0151g\u00e9pet v\u00e1lassz 2024-ben?Hogyan kezdj neki a fot\u00f3z\u00e1snak&#8230;\t\t<\/h3>\n\t\t\t\t<\/div>\n\t\t\t\t<\/a>\n\t\t<\/article>\n\t\t\t\t<\/div>\n\t\t\t\t\t\t<\/div>\n\t\t\t\t<\/div>\n\t\t\t\t\t<\/div>\n\t\t<\/div>\n\t\t\t\t\t<\/div>\n\t\t<\/section>\n\t\t\t\t<\/div>","protected":false},"excerpt":{"rendered":"<p>Manaps\u00e1g, term\u00e9szetesen c\u00e9lodt\u00f3l f\u00fcgg\u0151en, nem kell sz\u00e1zezreket \u00e9s milli\u00f3kat k\u00f6ltened, hogy elkezdhess digit\u00e1lisan fot\u00f3zni. A mai kamer\u00e1k m\u00e1r a high-end okostelefonokban is nagyon magas min\u0151s\u00e9gben k\u00e9pesek arra, hogy meg\u00f6r\u00f6k\u00edts\u00e9k azt a pillanatot, amit te szeretn\u00e9l. A benn\u00fck lev\u0151 automatika be tudja azt is \u00e1ll\u00edtani, hogy j\u00f3 is legyen a k\u00e9ped. De ha m\u00e9gis szeretn\u00e9l jobb min\u0151s\u00e9get \u00e9s magasabb szinten \u0171zni a fot\u00f3z\u00e1st, akkor ez a cikk neked sz\u00f3l.<\/p>","protected":false},"author":2,"featured_media":24521,"comment_status":"closed","ping_status":"closed","sticky":false,"template":"","format":"standard","meta":{"_seopress_robots_primary_cat":"none","_seopress_titles_title":"Tudd meg , hogy milyen f\u00e9nyk\u00e9pez\u0151g\u00e9pet vegy\u00e9l 2024-ben!","_seopress_titles_desc":"Szeretn\u00e9d megtudni milyen f\u00e9nyk\u00e9pez\u0151t \u00e9rdemes venni 2024-ben? \u00c9rdekel a fot\u00f3z\u00e1s de nem tudod, hogy kezdj bele? Olvasd el a cikkem \u00e9s megtudhatod hol kezd\u0151dik a digit\u00e1lis fot\u00f3z\u00e1s.","_seopress_robots_index":"","footnotes":""},"categories":[21],"tags":[],"class_list":["post-448","post","type-post","status-publish","format-standard","has-post-thumbnail","hentry","category-fotozas"],"_links":{"self":[{"href":"https:\/\/redfox.photos\/en\/wp-json\/wp\/v2\/posts\/448","targetHints":{"allow":["GET"]}}],"collection":[{"href":"https:\/\/redfox.photos\/en\/wp-json\/wp\/v2\/posts"}],"about":[{"href":"https:\/\/redfox.photos\/en\/wp-json\/wp\/v2\/types\/post"}],"author":[{"embeddable":true,"href":"https:\/\/redfox.photos\/en\/wp-json\/wp\/v2\/users\/2"}],"replies":[{"embeddable":true,"href":"https:\/\/redfox.photos\/en\/wp-json\/wp\/v2\/comments?post=448"}],"version-history":[{"count":78,"href":"https:\/\/redfox.photos\/en\/wp-json\/wp\/v2\/posts\/448\/revisions"}],"predecessor-version":[{"id":24518,"href":"https:\/\/redfox.photos\/en\/wp-json\/wp\/v2\/posts\/448\/revisions\/24518"}],"wp:featuredmedia":[{"embeddable":true,"href":"https:\/\/redfox.photos\/en\/wp-json\/wp\/v2\/media\/24521"}],"wp:attachment":[{"href":"https:\/\/redfox.photos\/en\/wp-json\/wp\/v2\/media?parent=448"}],"wp:term":[{"taxonomy":"category","embeddable":true,"href":"https:\/\/redfox.photos\/en\/wp-json\/wp\/v2\/categories?post=448"},{"taxonomy":"post_tag","embeddable":true,"href":"https:\/\/redfox.photos\/en\/wp-json\/wp\/v2\/tags?post=448"}],"curies":[{"name":"wp","href":"https:\/\/api.w.org\/{rel}","templated":true}]}}