{"id":496,"date":"2020-07-28T23:30:47","date_gmt":"2020-07-28T21:30:47","guid":{"rendered":"https:\/\/redfox.photos\/?p=496"},"modified":"2022-02-05T18:44:32","modified_gmt":"2022-02-05T17:44:32","slug":"romai-fotozas-mit-vigyel-magaddal-az-orok-varosba","status":"publish","type":"post","link":"https:\/\/redfox.photos\/en\/fotozas\/romai-fotozas-mit-vigyel-magaddal-az-orok-varosba\/","title":{"rendered":"R\u00f3mai v\u00e1rosi fot\u00f3z\u00e1s, mit vigy\u00e9l magaddal az \u00f6r\u00f6k v\u00e1rosba"},"content":{"rendered":"<p>R\u00f3ma az \u00f6r\u00f6k v\u00e1ros mindig tartogat valami \u00fajat a nap alatt. Nekem R\u00f3ma nem csak az \u00f6r\u00f6k v\u00e1ros \u00e9s Olaszorsz\u00e1g f\u0151v\u00e1rosa, hanem a v\u00e1ros, ahol megkaptam \u00e9letem eddigi legfontosabb igenj\u00e9t. Ezeket a k\u00e9peket magamnak l\u0151ttem \u00e9s itt pr\u00f3b\u00e1ltam ki el\u0151sz\u00f6r a Sony 50mm F 1.8 lencs\u00e9t \u00e9s persze vittem magammal a kis &#8220;kompakt&#8221; Sony A6300 f\u00e9nyk\u00e9pez\u0151m.<\/p>\n\n\n\n<p><\/p>\n\n\n\n\n\n<p>Amikor arra vett\u00fck a fej\u00fcnket, hogy elmegy\u00fcnk ny\u00e1r elej\u00e9n nyaralni egy r\u00f6videt mindenki \u00f3vva intett, hogy ne menj\u00fcnk R\u00f3m\u00e1ba ny\u00e1ron, mert az maga a hal\u00e1l, nagyon meleg lesz. Term\u00e9szetesen nek\u00fcnk &#8220;ne mondja meg senki&#8221; alapon csak az\u00e9rt is oda ment\u00fcnk. Engem egy h\u00e1ts\u00f3 sz\u00e1nd\u00e9k is vez\u00e9relt, mert zsebemben lapult egy kis gy\u0171r\u0171, amellyel meg szerettem volna k\u00e9rni p\u00e1rom kez\u00e9t. <\/p>\n\n\n\n<h2 class=\"wp-block-heading\">Hogyan k\u00e9sz\u00fcltem a r\u00f3mai fot\u00f3z\u00e1sra?<\/h2>\n\n\n\n<p>Mint minden v\u00e1rosi fot\u00f3z\u00e1sn\u00e1l itt is egy kis kutat\u00e1ssal kezdtem. N\u00e1lam fontos, hogy meg tudjam hat\u00e1rozni, hogy mit v\u00e1rok el att\u00f3l a 3-4 napt\u00f3l, amit egy-egy v\u00e1rosban t\u00f6lt\u00f6k. Milyen hangulat\u00fa k\u00e9peket szeretn\u00e9k fot\u00f3zni? Milyen sz\u00ednvil\u00e1got keresek? Nekem R\u00f3m\u00e1val kapcsolatosan 3 sz\u00edn \u00e9lt a fejemben \u00e9s megterveztem a <a href=\"https:\/\/redfox.photos\/en\/fotozas\/portre-fotozas-alapjai-es-technikai-feltetelei-kezdoknek\/\" target=\"_blank\" rel=\"noreferrer noopener\">portr\u00e9fot\u00f3z\u00e1som alapjait<\/a>.<\/p>\n\n\n\n<ul class=\"wp-block-list\"><li>narancss\u00e1rga<\/li><li>s\u00e1rga<\/li><li>fak\u00f3 kopott z\u00f6ld<\/li><\/ul>\n\n\n\n<p>Olyan helysz\u00edneket \u00e9s napszakokat kellett kerestem, ahol ezeknek megfelel\u0151en tudom elk\u00e9sz\u00edteni a k\u00e9peket. Kutat\u00e1som, ha lehet annak nevezni, mindig \u00fagy szokott kezd\u0151dni, hogy Instagrammon megn\u00e9zem a lok\u00e1lis #-eket illetve azt, hogy azokon a helysz\u00edneken milyen k\u00e9peket k\u00e9sz\u00edtettek. Ezek ut\u00e1n felmegyek Pinterestre \u00e9s megcsin\u00e1lom ott is szinte ugyanezt. <\/p>\n\n\n\n<p>Fontos, hogy nem azokat a k\u00e9peket \u00e9s be\u00e1ll\u00e1sokat szeretn\u00e9m reproduk\u00e1lni, hanem megmutatni, hogy \u00e9n hogy l\u00e1tom azt a k\u00e9pet. Igyekszem arra f\u00f3kusz\u00e1lni, hogy milyen lehet\u0151s\u00e9gekkel rendelkezik egy-egy hely: <span style=\"text-decoration: underline;\">mennyi f\u00e9ny, mekkora a t\u00f6meg, milyen \u00e9p\u00fcletek vannak a k\u00f6rny\u00e9ken, mi lehet a &#8220;t\u00e9ma&#8221;. <\/span><\/p>\n\n\n\n<p>BTW ez a &#8220;mi legyen a t\u00e9ma&#8221; kifejez\u00e9s sokszor kiveri a biztos\u00edt\u00e9kot n\u00e1lam, mert mindenki &#8220;t\u00e9m\u00e1zni&#8221; szeretne. Szinte mindenre r\u00e1 lehet mondani, hogy <strong>az a t\u00e9ma<\/strong>. \u00c9n ink\u00e1bb \u00fagy szeretem egy k\u00e9p &#8220;t\u00e9m\u00e1j\u00e1t&#8221; megfogalmazni, hogy az a k\u00e9p mit v\u00e1lt ki bel\u0151led? Mit v\u00e1lt ki bel\u0151lem? Van-e \u00e9rz\u00e9sem a fot\u00f3val kapcsolatosan? Van t\u00f6rt\u00e9nete, amit el lehet mes\u00e9lni? Szinte mindegy, hogy a t\u00f6rt\u00e9net elej\u00e9t, k\u00f6zep\u00e9t vagy v\u00e9g\u00e9t l\u00e1tom a fot\u00f3n a l\u00e9nyeg, hogy l\u00e1ssam:<em> ott van \u00e9s el tudom k\u00e9pzelni.<\/em><\/p>\n\n\n\n<p>Na de vissza a kutat\u00e1shoz. Teh\u00e1t j\u00f6ttek az inspir\u00e1ci\u00f3s posztok \u00e9s Pinterest board -ok, tov\u00e1bb\u00e1 egy Tripadvisor keres\u00e9s is, hogy ne maradjon ki semmi.<\/p>\n\n\n\n<ol class=\"wp-block-list\"><li>Colosseum<\/li><li>Vatik\u00e1n<\/li><li>Vatik\u00e1n m\u00fazeum<\/li><li>Angyalv\u00e1r<\/li><li>Spanyol l\u00e9pcs\u0151<\/li><li>Pantheon<\/li><li>\u00e9s volt egy b\u00f3nusz helyem, ami nem egy fancy helysz\u00edn az nem m\u00e1s mint egy narancsliget a v\u00e1ros felett ahonnan az eg\u00e9sz v\u00e1ros be lehet l\u00e1tni. Ide terveztem a l\u00e1nyk\u00e9r\u00e9st.<\/li><\/ol>\n\n\n\n<h2 class=\"wp-block-heading\">Milyen felszerel\u00e9st vittem a r\u00f3mai fot\u00f3z\u00e1sra?<\/h2>\n\n\n\n<p>Ekkor m\u00e9g nagyon sok opci\u00f3m v\u00e1zak tekintet\u00e9ben nem volt: vittem a Sony A6300 v\u00e1zam, amir\u0151l b\u0151vebben fogok \u00edrni majd hamarosan egy tesztet.  Objekt\u00edvek szempontj\u00e1b\u00f3l h\u00e1rom lencs\u00e9t raktam a t\u00e1sk\u00e1mba:<\/p>\n\n\n\n<ul class=\"wp-block-list\"><li><span style=\"letter-spacing: 0px;\"><a href=\"https:\/\/www.220volt.hu\/Samyang+35mm+f+1.2+ED+AS+UMC+CS+Sony+E\">Samyang 35mm F1.2<\/a> manual, nagy l\u00e1t\u00f3sz\u00f6g \u00e9s t\u0171 \u00e9les k\u00e9pek. Nagyon szerethet\u0151 lencse \u00e9rezni, hogy van benne \u00fcveg<\/span>.<\/li><li>Petra(feles\u00e9gem) nagypap\u00e1j\u00e1t\u00f3l \u00f6r\u00f6k\u00f6lt Helios 44 lencs\u00e9t, amir\u0151l b\u0151vebben <a href=\"https:\/\/fotoszeres.blog.hu\/2017\/07\/31\/helios_44\">itt olvashattok egy cikket<\/a>.<\/li><li>Sony 16-50mm F3.5-5.6 kit lens, nem a leg\u00e9lesebb lencse se a legjobb min\u0151s\u00e9g, de egy j\u00f3 \u00e1tfog\u00e1s\u00fa zoom lens, kompakt k\u00f6nny\u0171 v\u00e1rosban hasznos tud lenni.<\/li><\/ul>\n\n\n\n<p>Fontos volt hogy olyan <a href=\"https:\/\/redfox.photos\/en\/fotozas\/portre-fotozas-alapjai-es-technikai-feltetelei-kezdoknek\/\" target=\"_blank\" rel=\"noreferrer noopener\">utcai portr\u00e9kat<\/a> szerettem volna k\u00e9sz\u00edteni, amiben meg\u00e9l a modell \u00e9s ez a gy\u00f6ny\u00f6r\u0171 v\u00e1ros is.<\/p>\n\n\n\n<h2 class=\"wp-block-heading\">Mire kell figyelni ha R\u00f3m\u00e1ban fot\u00f3zol?<\/h2>\n\n\n\n<p>\u00d6sszeszedtem p\u00e1r tippet, amit ha megfogadtok, akkor k\u00f6nnyebben tudtok j\u00f3 k\u00e9peket l\u0151ni a r\u00f3mai forgatagban:Rengeteg a turista! Nem viccelek nagyon-nagyon sokan vannak \u00e9s a sz\u00e9p helyeket kora reggel kell megl\u00e1togatni. A Szent P\u00e9ter Bazilik\u00e1n\u00e1l 1-2 \u00f3r\u00e1s sor is lehet.  Trevi k\u00fat konkr\u00e9tan t\u00f6megnyomor napk\u00f6zben \u00e9s m\u00e9g k\u00e9s\u0151 este is&#8230; <\/p>\n\n\n\n<p><span style=\"text-decoration: underline;\"><strong>Nem<\/strong><\/span> tudsz mindenhol k\u00e1rty\u00e1val fizetni, ez\u00e9rt legyen a zsebedben mindig k\u00e9szp\u00e9nz. Mi a Szent P\u00e9ter Bazilika kupol\u00e1j\u00e1t buktuk emiatt. <\/p>\n\n\n\n<p>Fogadd el, hogy nem tudsz az emberi t\u00e9nyez\u0151vel sz\u00e1molni \u00e9s 1-1 k\u00e9pet 3-4-5x is le kell l\u0151jj, mert sajnos belemennek a k\u00e9pbe nem figyelnek r\u00e1d(utcai fot\u00f3z\u00e1son nem is kell hogy figyeljenek).Ne vedd t\u00fal komolyan azt, amit elk\u00e9pzelt\u00e9l, hanem legy\u00e9l rugalmas \u00e9s alak\u00edtsd terveid az aktu\u00e1lis k\u00f6r\u00fclm\u00e9nyekhez.<\/p>\n\n\n\n<p>Legyen n\u00e1lad kulacs, mert t\u00e9nyleg nagyon meleg van.<\/p>\n\n\n\n<p>Valami kompakt fot\u00f3s t\u00e1sk\u00e1t vigy\u00e9l, lehet\u0151leg kev\u00e9s lencs\u00e9vel. Mi napi 20 kilom\u00e9tert ment\u00fcnk \u00e1tlagban.<\/p>\n\n\n\n<p>Nem kell taxizz, minden egy &#8220;k\u00f6p\u00e9sre&#8221; van \u00e9s s\u00e9t\u00e1lva l\u00e1tod igaz\u00e1n a v\u00e1rost.<\/p>\n\n\n\n<p>Viszonylag nagy a por, ez\u00e9rt legyen n\u00e1lad <a href=\"https:\/\/www.amazon.de\/dp\/B00006JALB\/ref=sr_1_3?keywords=lenspen&amp;qid=1576871145&amp;sr=8-3\">lencse tiszt\u00edt\u00f3, amib\u0151l ezt aj\u00e1nlom<\/a> nekem eddig mindent leszedett a lencs\u00e9kr\u0151l. Legyen napellenz\u0151d az optik\u00e1don&#8230; kelleni fog.<\/p>\n\n\n\n<h2 class=\"wp-block-heading\">Melyik lett a kedvenc k\u00e9pem a r\u00f3mai nyaral\u00e1sr\u00f3l?<\/h2>\n\n\n\n<p>Ezt a l\u00e9pcs\u0151t nagyon megszerettem. Tal\u00e1n nem egyedi a k\u00e9p, de nekem szerencs\u00e9m volt sz\u00e9p f\u00e9nyben elkapni:)<\/p>\n\n\n\n<p>Azonban amelyikben a legt\u00f6bb \u00e9rzelem volt sz\u00e1momra az amikor megkaptam az Igent!<\/p>\n\n\n\n<p><\/p>\n\n\n\n<figure class=\"wp-block-image size-large is-resized\"><img fetchpriority=\"high\" decoding=\"async\" src=\"https:\/\/redfox.photos\/wp-content\/uploads\/2020\/08\/GOPR3292-1160x773.jpg\" alt=\"Szerelmes fiatal p\u00e1r az \u00d6r\u00f6k v\u00e1rosban R\u00f3m\u00e1ban selfie -zve\" class=\"wp-image-645\" width=\"870\" height=\"580\" srcset=\"https:\/\/redfox.photos\/wp-content\/uploads\/2020\/08\/GOPR3292-1160x773.jpg 1160w, https:\/\/redfox.photos\/wp-content\/uploads\/2020\/08\/GOPR3292-800x533.jpg 800w, https:\/\/redfox.photos\/wp-content\/uploads\/2020\/08\/GOPR3292-1536x1024.jpg 1536w, https:\/\/redfox.photos\/wp-content\/uploads\/2020\/08\/GOPR3292-scaled.jpg 1200w\" sizes=\"(max-width: 870px) 100vw, 870px\" \/><figcaption>Szerelmes fiatal p\u00e1r az \u00d6r\u00f6k v\u00e1rosban R\u00f3m\u00e1ban selfie -zve<\/figcaption><\/figure>\n\n\n\n<p>Ha k\u00e9rd\u00e9sed vagy javaslatod lenne sz\u00edvesen veszem, \u00edrd meg kommentben vagy \u00fczenetben.<\/p>","protected":false},"excerpt":{"rendered":"<p>R\u00f3ma az \u00f6r\u00f6k v\u00e1ros mindig tartogat valami \u00fajat a nap alatt. Nekem R\u00f3ma nem csak az \u00f6r\u00f6k v\u00e1ros \u00e9s Olaszorsz\u00e1g f\u0151v\u00e1rosa, hanem a v\u00e1ros, ahol megkaptam \u00e9letem eddigi legfontosabb igenj\u00e9t. Ezeket a k\u00e9peket magamnak l\u0151ttem \u00e9s itt pr\u00f3b\u00e1ltam ki el\u0151sz\u00f6r a Sony 50mm F 1.8 lencs\u00e9t \u00e9s persze vittem magammal a kis &#8220;kompakt&#8221; Sony A6300 &#8230;<\/p>","protected":false},"author":2,"featured_media":571,"comment_status":"closed","ping_status":"closed","sticky":false,"template":"","format":"standard","meta":{"_seopress_robots_primary_cat":"none","_seopress_titles_title":"%%title%%","_seopress_titles_desc":"Szeretn\u00e9d megtanulni mi az a v\u00e1rosi fot\u00f3z\u00e1s? Vagy csak j\u00f3 k\u00e9peket szeretn\u00e9l k\u00e9sz\u00edteni nyaral\u00e1sodon? Olvasd fot\u00f3s blogom \u00e9s seg\u00edtek Neked!","_seopress_robots_index":"","footnotes":""},"categories":[21],"tags":[],"class_list":["post-496","post","type-post","status-publish","format-standard","has-post-thumbnail","hentry","category-fotozas"],"_links":{"self":[{"href":"https:\/\/redfox.photos\/en\/wp-json\/wp\/v2\/posts\/496","targetHints":{"allow":["GET"]}}],"collection":[{"href":"https:\/\/redfox.photos\/en\/wp-json\/wp\/v2\/posts"}],"about":[{"href":"https:\/\/redfox.photos\/en\/wp-json\/wp\/v2\/types\/post"}],"author":[{"embeddable":true,"href":"https:\/\/redfox.photos\/en\/wp-json\/wp\/v2\/users\/2"}],"replies":[{"embeddable":true,"href":"https:\/\/redfox.photos\/en\/wp-json\/wp\/v2\/comments?post=496"}],"version-history":[{"count":4,"href":"https:\/\/redfox.photos\/en\/wp-json\/wp\/v2\/posts\/496\/revisions"}],"predecessor-version":[{"id":24243,"href":"https:\/\/redfox.photos\/en\/wp-json\/wp\/v2\/posts\/496\/revisions\/24243"}],"wp:featuredmedia":[{"embeddable":true,"href":"https:\/\/redfox.photos\/en\/wp-json\/wp\/v2\/media\/571"}],"wp:attachment":[{"href":"https:\/\/redfox.photos\/en\/wp-json\/wp\/v2\/media?parent=496"}],"wp:term":[{"taxonomy":"category","embeddable":true,"href":"https:\/\/redfox.photos\/en\/wp-json\/wp\/v2\/categories?post=496"},{"taxonomy":"post_tag","embeddable":true,"href":"https:\/\/redfox.photos\/en\/wp-json\/wp\/v2\/tags?post=496"}],"curies":[{"name":"wp","href":"https:\/\/api.w.org\/{rel}","templated":true}]}}