{"id":738,"date":"2020-09-06T14:35:18","date_gmt":"2020-09-06T12:35:18","guid":{"rendered":"https:\/\/redfox.photos\/?p=738"},"modified":"2021-09-11T23:03:38","modified_gmt":"2021-09-11T21:03:38","slug":"fotozas-karanten-ideje-alatt-avagy-hogyan-eld-tul-a-jarvanyhelyzetet","status":"publish","type":"post","link":"https:\/\/redfox.photos\/en\/fotozas\/fotozas-karanten-ideje-alatt-avagy-hogyan-eld-tul-a-jarvanyhelyzetet\/","title":{"rendered":"Fot\u00f3z\u00e1s karant\u00e9nkor, \u00edgy \u00e9ld t\u00fal a j\u00e1rv\u00e1nyhelyzetet"},"content":{"rendered":"<p>Sajnos ez az \u00fajonnan kialakult helyzet nagyon sokunkat hozott olyan helyzetbe, amikor felmer\u00fclt a k\u00e9rd\u00e9s a munk\u00e1nkkal kapcsolatosan: hogyan tov\u00e1bb? Mivel nekem a fot\u00f3z\u00e1s nem a f\u0151 \u00e1ll\u00e1som, \u00edgy \u201eszerencs\u00e9s\u201d vagyok, mert kis m\u00e9rt\u00e9kben \u00e9rintettek a korl\u00e1toz\u00e1sok meg\u00e9lhet\u00e9sem szempontj\u00e1b\u00f3l. Ez a kialakult helyzet, azonban minden fot\u00f3snak kih\u00edv\u00e1sokkal teli, legyen sz\u00f3 hobbi fot\u00f3sokr\u00f3l, vagy profikr\u00f3l, akiknek a meg\u00e9lhet\u00e9se m\u00falik ezen. Mai cikknek a l\u00e9nyege az lenne, hogy adjak p\u00e1r olyan haszn\u00e1lhat\u00f3 tippet, hogyan lehet a legt\u00f6bbet kihozni magatokt\u00f3l ebben a helyzetben. Legink\u00e1bb kezd\u0151 \u00e9s hobbi fot\u00f3soknak szeretn\u00e9k tippeket adni, mert ez az a hobbi, ami kiszak\u00edt minket a h\u00e9tk\u00f6znapok bajaib\u00f3l \u00e9s ez most elveszhet, ha nem csin\u00e1ljuk j\u00f3l.<\/p>\n\n\n\n<h2 class=\"wp-block-heading\">Hogy n\u00e9z ki a fot\u00f3z\u00e1s 2020-ban a korona v\u00edrusos j\u00e1rv\u00e1nyhelyzetben?<\/h2>\n\n\n\n<p>Nagyon sok fot\u00f3s v\u00e1ltott szakm\u00e1t vagy v\u00e1ltoztatott koncepci\u00f3t a kialakult helyzetnek megfelel\u0151en. Sokan voltak, akik olyan munk\u00e1kat is elv\u00e1llaltak, amiket kor\u00e1bban nem. Sokan tettek sokkal alacsonyabb aj\u00e1nlatokat munk\u00e1kra, mert a ma behozott egy forint jobb, mint a k\u00e9t h\u00e9t m\u00falv\u00e1ra \u00edg\u00e9rt \u00f6t. Vannak olyan t\u00f6rt\u00e9netek, amelyek arr\u00f3l sz\u00f3lnak, hogy egy-egy f\u00e9nyk\u00e9p\u00e9sz annyira nem kapott megrendel\u00e9seket a j\u00e1rv\u00e1nyhelyzetre val\u00f3 tekintettel, hogy elment \u00e9telfut\u00e1rnak, hogy addig is legyen fix keresete. \u00d6sszess\u00e9g\u00e9ben elmondhat\u00f3 volt, hogy aki kil\u00e9pett a komfortz\u00f3n\u00e1j\u00e1b\u00f3l \u00e9s hajland\u00f3 volt elfogadni az \u00faj helyzetet, az meg tudta oldani a mindennapokat, addig am\u00edg azt a kialakult helyzet megk\u00edv\u00e1nja.<\/p>\n\n\n\n<p>Sok olyan fot\u00f3ssal dolgozom egy\u00fctt munk\u00e1m(f\u00f3\u00e1ll\u00e1som) sor\u00e1n, akik f\u0151k\u00e9nt k\u00fclf\u00f6ldre dolgoznak, de a COVID19 k\u00f6zbe sz\u00f3lt \u00e9s nem tudnak utazni, akkor mi legyen? Ezek a <a href=\"http:\/\/www.adambertalan.com\" target=\"_blank\" rel=\"noreferrer noopener\">kiv\u00e1l\u00f3 fot\u00f3sok <\/a>\u00e9s m\u0171v\u00e9szek itthon maradtak \u00e9s olyan c\u00e9gekkel kezdtek el egy\u00fctt dolgozni, akikkel kor\u00e1bban csak adhoc jelleggel vagy egy\u00e1ltal\u00e1n nem. Itt az \u00faj lehet\u0151s\u00e9g a magyar c\u00e9geknek, hogy ebben a felh\u00edgult k\u00edn\u00e1latban v\u00e9gre min\u0151s\u00e9gi alternat\u00edv\u00e1val dolgozhassanak egy\u00fctt.<\/p>\n\n\n\n<h2 class=\"wp-block-heading\">7+1 tipp ahhoz, hogy a v\u00edrushelyzet alatt is fejl\u0151dhess, mint hobbi vagy amat\u0151r fot\u00f3s<\/h2>\n\n\n\n<h3 class=\"wp-block-heading\">1. Tanulj, \u00e9s k\u00e9pezd magad fot\u00f3z\u00e1s \u00e9s ut\u00f3munka t\u00e9m\u00e1kban!<\/h3>\n\n\n\n<p>Amikor kij\u00e1r\u00e1si korl\u00e1toz\u00e1s van vagy esetleg olyan helyen laksz, ahol tilalom, akkor a legjobb, ha k\u00e9pzed magad. Rengeteg online tanfolyam van, amit el lehet kezdeni, \u00e9n egyet nem aj\u00e1nlok nektek: az <strong>a MasterClass tanfolyamok<\/strong>. Rohadt dr\u00e1g\u00e1k \u00e9s nem kaptok igaz\u00e1n hasznos tud\u00e1st, sokkal t\u00f6bbet \u00e9rtek ez azzal, ha YouTube-on tematikusan kerestek.<br>Akikt\u0151l min\u0151s\u00e9gi vide\u00f3kat \u00e9s informat\u00edv tartalmakat kaphatok <span style=\"text-decoration: underline;\">ingyen \u00e9s adok r\u00e1juk szakmailag<\/span>:<br>&#8211; Sean Tucker (<a href=\"https:\/\/redfox.photos\/en\/galleria-fotos-munkak\/portrek\/\" target=\"_blank\" rel=\"noreferrer noopener\">portr\u00e9 fot\u00f3z\u00e1s<\/a> \u00e9s street fot\u00f3 t\u00e9m\u00e1kban kimagasl\u00f3)<\/p>\n\n\n\n<figure class=\"wp-block-embed is-type-video is-provider-youtube wp-block-embed-youtube wp-embed-aspect-16-9 wp-has-aspect-ratio\"><div class=\"wp-block-embed__wrapper\">\n<iframe title=\"How to Nail Exposure using Manual Mode\" width=\"1200\" height=\"675\" src=\"https:\/\/www.youtube.com\/embed\/LUtlZ3sahz8?feature=oembed\" frameborder=\"0\" allow=\"accelerometer; autoplay; clipboard-write; encrypted-media; gyroscope; picture-in-picture\" allowfullscreen><\/iframe>\n<\/div><\/figure>\n\n\n\n<p><br>&#8211; James Popsys (<a href=\"https:\/\/redfox.photos\/en\/galleria-fotos-munkak\/tajkepek-nature\/\" target=\"_blank\" rel=\"noreferrer noopener\">term\u00e9szet fot\u00f3z\u00e1s<\/a> nagy mester) nagyon k\u00f6zvetlen a st\u00edlusa \u00e9s j\u00f3l magyar\u00e1z eg\u00e9szen a fot\u00f3z\u00e1s alapjait\u00f3l.<\/p>\n\n\n\n<figure class=\"wp-block-embed is-type-video is-provider-youtube wp-block-embed-youtube wp-embed-aspect-16-9 wp-has-aspect-ratio\"><div class=\"wp-block-embed__wrapper\">\n<iframe title=\"The BIGGEST Beginner Photography Mistake\" width=\"1200\" height=\"675\" src=\"https:\/\/www.youtube.com\/embed\/Qsc69-vhyP0?feature=oembed\" frameborder=\"0\" allow=\"accelerometer; autoplay; clipboard-write; encrypted-media; gyroscope; picture-in-picture\" allowfullscreen><\/iframe>\n<\/div><\/figure>\n\n\n\n<p>&#8211; North Borders (Street, Aut\u00f3 \u00e9s port\u00e9 fot\u00f3s ausztr\u00e1l sr\u00e1c) Igazi laza, n\u00e9ha \u201eproszt\u00f3\u201d st\u00edlusban pr\u00f3b\u00e1lja meg sokkolni a n\u00e9z\u0151it. Szabadsz\u00e1j\u00fa fiatal \u00e9s dinamikus sz\u00f3rakoztat\u00f3 tartalom.<\/p>\n\n\n\n<figure class=\"wp-block-embed is-type-video is-provider-youtube wp-block-embed-youtube wp-embed-aspect-16-9 wp-has-aspect-ratio\"><div class=\"wp-block-embed__wrapper\">\n<iframe title=\"MAKE QUICK Money With Photography This Weekend\" width=\"1200\" height=\"675\" src=\"https:\/\/www.youtube.com\/embed\/2hgdaM3FQRA?feature=oembed\" frameborder=\"0\" allow=\"accelerometer; autoplay; clipboard-write; encrypted-media; gyroscope; picture-in-picture\" allowfullscreen><\/iframe>\n<\/div><\/figure>\n\n\n\n<p><br>&#8211; Ha moody desatur\u00e1lt editeket keresel, akkor azok nagy mestere: Alen Palander Amat\u0151r fot\u00f3s volt, akire felfigyelt a Mercedes k\u00e9pei miatt \u00e9s az\u00f3ta nekik fot\u00f3z.<\/p>\n\n\n\n<figure class=\"wp-block-embed is-type-video is-provider-youtube wp-block-embed-youtube wp-embed-aspect-16-9 wp-has-aspect-ratio\"><div class=\"wp-block-embed__wrapper\">\n<iframe title=\"The Do&#039;s &amp; Don&#039;ts of Instagram ft. Peter McKinnon\" width=\"1200\" height=\"675\" src=\"https:\/\/www.youtube.com\/embed\/RIMRaDFwsPI?feature=oembed\" frameborder=\"0\" allow=\"accelerometer; autoplay; clipboard-write; encrypted-media; gyroscope; picture-in-picture\" allowfullscreen><\/iframe>\n<\/div><\/figure>\n\n\n\n<p><br>&#8211; Ha photoshop tr\u00e9ningeket keresel akkor aj\u00e1nlom <a href=\"https:\/\/www.youtube.com\/user\/PhlearnLLC\" target=\"_blank\" rel=\"noreferrer noopener\">PHLEARN<\/a> \u00e9s <a href=\"https:\/\/www.youtube.com\/channel\/UCMrvLMUITAImCHMOhX88PYQ\" target=\"_blank\" rel=\"noreferrer noopener\">Piximperfect<\/a> csatorn\u00e1kat. Retus\u00e1l\u00e1s, photoshop tippek tr\u00fckk\u00f6k k\u00f6z\u00e9rthet\u0151en \u00e9s ingyen.<\/p>\n\n\n\n<h3 class=\"wp-block-heading\">2. Szerkeszd \u00fajra k\u00e9peid, vedd el\u0151 \u0151ket \u00fajra friss szemmel<\/h3>\n\n\n\n<p>Vedd el\u0151 r\u00e9gi k\u00e9peid \u00e9s pr\u00f3b\u00e1ld meg valamilyen tematika szerint \u00fajra szerkeszteni azokat. P\u00e9ld\u00e1ul keverd \u00fajra sz\u00edneket <a href=\"https:\/\/www.adobe.com\/hu\/products\/photoshop-lightroom.html?gclid=CjwKCAjwkdL6BRAREiwA-kiczHqSzs1IAonL-pCVksnp4ubb02YsU-ifICjo6cMXlFF_3-IUECtG1hoCO8kQAvD_BwE&amp;sdid=8JD95K3V&amp;mv=search&amp;skwcid=AL!3085!3!442252605483!b!!g!!%2Blightroom&amp;ef_id=CjwKCAjwkdL6BRAREiwA-kiczHqSzs1IAonL-pCVksnp4ubb02YsU-ifICjo6cMXlFF_3-IUECtG1hoCO8kQAvD_BwE:G:s&amp;s_kwcid=AL!3085!3!442252605483!b!!g!!%2Blightroom!1473823136!57445755539\" target=\"_blank\" rel=\"noreferrer noopener\">Lightroom<\/a> vagy <a href=\"https:\/\/skylum.com\/luminar\" target=\"_blank\" rel=\"noreferrer noopener\">Luminar <\/a>segits\u00e9g\u00e9vel. Csin\u00e1lj a ny\u00e1ri k\u00e9pekb\u0151l \u0151szit \u00e9s vagy ford\u00edtva. J\u00f3 gyakorl\u00e1s \u00e9s id\u0151t\u00f6lt\u00e9s. Lenn ez ugyanaz a k\u00e9t k\u00e9p, csak m\u00e1s f\u00e9nyel\u00e9se.<\/p>\n\n\n\n<div class=\"wp-block-image\"><figure class=\"aligncenter size-large is-resized\"><img fetchpriority=\"high\" decoding=\"async\" src=\"https:\/\/redfox.photos\/wp-content\/uploads\/2020\/09\/nyar-es-o\u030bsz-1160x609.jpg\" alt=\"Csin\u00e1lj \u0151szt a ny\u00e1rb\u00f3l Lightroom-al.\" class=\"wp-image-750\" width=\"580\" height=\"305\" srcset=\"https:\/\/redfox.photos\/wp-content\/uploads\/2020\/09\/nyar-es-o\u030bsz-1160x609.jpg 1160w, https:\/\/redfox.photos\/wp-content\/uploads\/2020\/09\/nyar-es-o\u030bsz-800x420.jpg 800w, https:\/\/redfox.photos\/wp-content\/uploads\/2020\/09\/nyar-es-o\u030bsz-120x63.jpg 120w, https:\/\/redfox.photos\/wp-content\/uploads\/2020\/09\/nyar-es-o\u030bsz-90x47.jpg 90w, https:\/\/redfox.photos\/wp-content\/uploads\/2020\/09\/nyar-es-o\u030bsz-320x168.jpg 320w, https:\/\/redfox.photos\/wp-content\/uploads\/2020\/09\/nyar-es-o\u030bsz-560x294.jpg 560w, https:\/\/redfox.photos\/wp-content\/uploads\/2020\/09\/nyar-es-o\u030bsz.jpg 1200w\" sizes=\"(max-width: 580px) 100vw, 580px\" \/><\/figure><\/div>\n\n\n\n<h3 class=\"wp-block-heading\">3. Gyors\u00edtsd fel a munk\u00e1d k\u00e9sz\u00edtsd el saj\u00e1t presetjeid<\/h3>\n\n\n\n<p>K\u00e9sz\u00edtsd el a saj\u00e1t Presetjeid (elmentett f\u00e9ny, k\u00e9pv\u00e1g\u00e1s, lencse korrekci\u00f3 \u00e9s egy\u00e9b be\u00e1ll\u00edt\u00e1said)! Amennyiben kezd kialakulni a st\u00edlusod \u00e9s egyre t\u00f6bb \u00e9s t\u00f6bb k\u00e9pet szerkesztesz, akkor itt az ideje, hogy preseteket k\u00e9sz\u00edts. Sokat gyors\u00edt a munk\u00e1don, ha rendelkezel ezekkel \u00e9s nem kell mindent mindig el\u00f6lr\u0151l elk\u00e9sz\u00edtened. K\u00e9rlek <strong>ne ess abba a hib\u00e1ba<\/strong>, hogy folyton ugyanazt a presetet haszn\u00e1lod \u00e9s dobod r\u00e1 a k\u00e9pekre, mint egy filter, mindenf\u00e9le \u00e1ll\u00edt\u00e1s n\u00e9lk\u00fcl mert minden k\u00e9p egyedi \u00e9s kell biztosan azokon \u00e1ll\u00edtani. Csak az alapokat \u00e1ll\u00edtsd be \u00e9s finomhangolj minden esetben!<\/p>\n\n\n\n<h3 class=\"wp-block-heading\">4. L\u00e9pj ki a komfortz\u00f3n\u00e1db\u00f3l \u00e9s fot\u00f3zz m\u00e1s t\u00e9m\u00e1kat<\/h3>\n\n\n\n<p>Ha eddig street\/utcai k\u00e9peket fot\u00f3zt\u00e1l, akkor most <em>menj ki a term\u00e9szetbe <\/em>(term\u00e9szetesen csak akkor, ha korl\u00e1toz\u00e1s nem tilt\u00e1s al\u00e1 esik a jogszab\u00e1ly) \u00e9s fot\u00f3zz \u00faj dolgokat. Ha eddig term\u00e9szetet fot\u00f3zt\u00e1l, akkor pr\u00f3b\u00e1l meg otthon t\u00e1rgyakat vagy eszk\u00f6z\u00f6ket fot\u00f3zni, vagy csak macro fot\u00f3zni. Esk\u00fcv\u0151ket fot\u00f3zt\u00e1l? Akkor el\u00e9g sok felszerel\u00e9sed lehet p\u00e9ld\u00e1ul ahhoz, hogy webshopoknak k\u00e9sz\u00edts term\u00e9kfot\u00f3kat.<\/p>\n\n\n\n<div class=\"wp-block-image\"><figure class=\"aligncenter size-large is-resized\"><img decoding=\"async\" src=\"https:\/\/redfox.photos\/wp-content\/uploads\/2020\/09\/Screenshot-2020-09-06-at-14.08.01-1.png\" alt=\"K\u00e9sz\u00edts t\u00e1rgyfot\u00f3kat a karant\u00e9n alatt\" class=\"wp-image-745\" width=\"472\" height=\"554\" srcset=\"https:\/\/redfox.photos\/wp-content\/uploads\/2020\/09\/Screenshot-2020-09-06-at-14.08.01-1.png 852w, https:\/\/redfox.photos\/wp-content\/uploads\/2020\/09\/Screenshot-2020-09-06-at-14.08.01-1-800x939.png 800w, https:\/\/redfox.photos\/wp-content\/uploads\/2020\/09\/Screenshot-2020-09-06-at-14.08.01-1-120x141.png 120w, https:\/\/redfox.photos\/wp-content\/uploads\/2020\/09\/Screenshot-2020-09-06-at-14.08.01-1-90x106.png 90w, https:\/\/redfox.photos\/wp-content\/uploads\/2020\/09\/Screenshot-2020-09-06-at-14.08.01-1-320x376.png 320w, https:\/\/redfox.photos\/wp-content\/uploads\/2020\/09\/Screenshot-2020-09-06-at-14.08.01-1-560x657.png 560w\" sizes=\"(max-width: 472px) 100vw, 472px\" \/><figcaption>@Smizedivat k\u00e9sz\u00edtette a k\u00e9pet<\/figcaption><\/figure><\/div>\n\n\n\n<h3 class=\"wp-block-heading\">5. Legyen portf\u00f3li\u00f3d! Nyomtasd ki k\u00e9peid<\/h3>\n\n\n\n<p>Rakj \u00f6ssze egy portf\u00f3li\u00f3t! Biztos pihen a fi\u00f3kodban p\u00e1rsz\u00e1z feldolgozatlan vagy feldolgozott k\u00e9p, amit j\u00f3 lenne \u00f6sszerendezni. N\u00e1lam ez arra volt j\u00f3, hogy els\u0151 alkalommal nyomtattam ki a k\u00e9pem nagyban \u00e9s tettem az irod\u00e1m \u00e9s lak\u00e1som fal\u00e1ra. Valami hihetetlen \u00e9lm\u00e9ny vissza l\u00e1tni a k\u00e9peid kinyomtatva, mert megfoghat\u00f3v\u00e1 v\u00e1lik, ami eddig csak egy kijelz\u0151n l\u00e9tezett. Min\u0151s\u00e9gben szeretn\u00e9l nyomtatni akkor aj\u00e1nlom <a href=\"https:\/\/www.dpsnyomda.hu\/?fbclid=IwAR2g9-SunkkDJE1ZbGWIwGtpbvYoa9OenfMHrI1G3Pr-M77IaT25PxhAB8A\">DPS nyomd\u00e1t aj\u00e1nlom<\/a>!<\/p>\n\n\n\n<h3 class=\"wp-block-heading\">6. \u00c9p\u00edtsd kapcsolataid \u00e9s kollabor\u00e1lj<\/h3>\n\n\n\n<p>Keress fel kisebb k\u00f6vet\u0151 t\u00e1borral rendelkez\u0151, de min\u0151s\u00e9gi influencereket \u00e9s aj\u00e1nld fel neki a szolg\u00e1ltat\u00e1said legyen sz\u00f3 fot\u00f3z\u00e1sr\u00f3l, vide\u00f3 k\u00e9sz\u00edt\u00e9sr\u0151l vagy csup\u00e1n arr\u00f3l, hogy te megszerkeszted az \u0150 k\u00e9peit egy magasabb min\u0151s\u00e9gben. Itt az id\u0151 elkezdeni kollabor\u00e1lni!<\/p>\n\n\n\n<h3 class=\"wp-block-heading\">7. Id\u0151d mint a tenger, csin\u00e1lj vagy fejlesztd weboldalad<\/h3>\n\n\n\n<p>Rakj \u00f6ssze egy alap honlapot, amihez tudod a Squarespace-t haszn\u00e1lni vagy ha ismered a WordPresst, akkor ak\u00e1r ott is \u00f6ssze tudsz tenni egy alap oldalt. (\u00e9n WordPresst haszn\u00e1lok \u00e9s ez az oldal maximum 2 napot vett ig\u00e9nybe mindennel) Ezzel nem csak meg tudod munk\u00e1id mutatni, de teszel egy l\u00e9p\u00e9st abba az ir\u00e1nyba is, hogy tanulj valamit. Nem utols\u00f3 szempont, hogy amikor magadr\u00f3l csin\u00e1lsz egy weboldalt jobban megismered \u00f6nmagad. Jobban kitisztul a ki vagy Te \u00e9s mit is szeretn\u00e9l fot\u00f3zni.<\/p>\n\n\n\n<p>Ha szeretn\u00e9d, hogy weboldalad feljebb ker\u00fclj\u00f6n a Google, Bing \u00e9s Yahoo keres\u0151kben, akkor optimaliz\u00e1ld a tartalmaid. Amennyiben ezekhez nem \u00e9rten\u00e9l \u00e9s seg\u00edts\u00e9gre lenne sz\u00fcks\u00e9ged, akkor keress egy <a href=\"https:\/\/tothszabolcs.hu\" target=\"_blank\" rel=\"noreferrer noopener\">online marketing szakembert<\/a>, aki seg\u00edt neked, vagy v\u00e9gezz el egy<a href=\"https:\/\/presentacademy.hu\/tanfolyamok\/online-marketing-tanfolyam\/\" target=\"_blank\" rel=\"noreferrer noopener\"> gyakorlati alapokra \u00e9p\u00fcl\u0151 tanfolyamot<\/a> .<\/p>\n\n\n\n<h3 class=\"wp-block-heading\">+1 tipp, a karant\u00e9n fot\u00f3z\u00e1shoz, amihez igaz\u00e1n nem sok mindenre lesz sz\u00fcks\u00e9ged.<\/h3>\n\n\n\n<p>takar\u00edtsd v\u00e9gre le a felszerel\u00e9sed. Tudom, hogy nem ez a legizgalmasabb r\u00e9sze a hobbidnak, de nagyon sokat seg\u00edt, ha tiszt\u00e1n v\u00e1gsz neki egy fot\u00f3z\u00e1snak legyen sz\u00f3 lencse vagy v\u00e1z tisztas\u00e1gr\u00f3l. Ehhez nem kell sok mindened legyen \u00e9n ezeket javaslom minden esetben j\u00f3l j\u00f6nnek: <\/p>\n\n\n\n<div class=\"wp-block-media-text alignwide is-stacked-on-mobile\" style=\"grid-template-columns:31% auto\"><figure class=\"wp-block-media-text__media\"><img decoding=\"async\" width=\"1160\" height=\"1241\" src=\"https:\/\/redfox.photos\/wp-content\/uploads\/2020\/09\/Screenshot-2020-09-06-at-15.21.25-1160x1241.png\" alt=\"Lencse tiszt\u00edt\u00f3 \u00e9s f\u00faj\u00f3 szett az amazonrol\" class=\"wp-image-757 size-full\" srcset=\"https:\/\/redfox.photos\/wp-content\/uploads\/2020\/09\/Screenshot-2020-09-06-at-15.21.25-1160x1241.png 1160w, https:\/\/redfox.photos\/wp-content\/uploads\/2020\/09\/Screenshot-2020-09-06-at-15.21.25-800x856.png 800w, https:\/\/redfox.photos\/wp-content\/uploads\/2020\/09\/Screenshot-2020-09-06-at-15.21.25-120x128.png 120w, https:\/\/redfox.photos\/wp-content\/uploads\/2020\/09\/Screenshot-2020-09-06-at-15.21.25-90x96.png 90w, https:\/\/redfox.photos\/wp-content\/uploads\/2020\/09\/Screenshot-2020-09-06-at-15.21.25-320x342.png 320w, https:\/\/redfox.photos\/wp-content\/uploads\/2020\/09\/Screenshot-2020-09-06-at-15.21.25-560x599.png 560w, https:\/\/redfox.photos\/wp-content\/uploads\/2020\/09\/Screenshot-2020-09-06-at-15.21.25.png 935w\" sizes=\"(max-width: 1160px) 100vw, 1160px\" \/><\/figure><div class=\"wp-block-media-text__content\">\n<p class=\"has-medium-font-size\">Legyen n\u00e1lad szinte mindig lencse tiszt\u00edt\u00f3 \u00e9s lencse \u00e9s szenzor f\u00fav\u00f3ka. Ezek nem nagy befektet\u00e9sek, az <a href=\"https:\/\/www.amazon.de\/Reinigungsset-Objektive-Reinigungspinsel-Blasebalg-Mikrofasertuch\/dp\/B00JL4IWXI\/ref=sr_1_14?__mk_de_DE=\u00c5M\u00c5\u017d\u00d5\u00d1&amp;dchild=1&amp;keywords=lenspen&amp;qid=1599398455&amp;sr=8-14\" target=\"_blank\" rel=\"noreferrer noopener\">Amazonon 10-14 EUR<\/a> k\u00f6z\u00f6tt meg is tudod \u0151ket v\u00e1s\u00e1rolni \u00e9s nem tudom elmondani mennyiszer bizonyult m\u00e1r hasznosnak.<\/p>\n<\/div><\/div>\n\n\n\n<p>Illetve amikor nagyon makacs a szennyez\u0151d\u00e9s \u00e9s sehogy sem akarnak elt\u0171nni azok kis pici foltok a k\u00e9pedr\u0151l akkor 2 lehet\u0151s\u00e9ged van. Vagy elviszed a v\u00e1zad szenzor tiszt\u00edt\u00e1sra, vagy megcsin\u00e1lod azt te magad. Ha te csin\u00e1lod akkor sz\u00fcks\u00e9ged lesz erre az eszk\u00f6zre, illetve n\u00e9zd meg a lenti vide\u00f3t.<\/p>\n\n\n\n<figure class=\"wp-block-embed is-type-video is-provider-youtube wp-block-embed-youtube wp-embed-aspect-16-9 wp-has-aspect-ratio\"><div class=\"wp-block-embed__wrapper\">\n<iframe title=\"A7iii A7riii - HOW TO CLEAN YOUR SONY SENSOR\" width=\"1200\" height=\"675\" src=\"https:\/\/www.youtube.com\/embed\/CitBFhEl7I8?feature=oembed\" frameborder=\"0\" allow=\"accelerometer; autoplay; clipboard-write; encrypted-media; gyroscope; picture-in-picture\" allowfullscreen><\/iframe>\n<\/div><\/figure>\n\n\n\n<p>FONTOS, hogy ezt csak saj\u00e1t felel\u0151s\u00e9gedre v\u00e9gezd el, ahogy a vide\u00f3ban itt is elmondom, hogy a szenzortiszt\u00edt\u00e1sb\u00f3l fakad\u00f3 esetleges s\u00e9r\u00fcl\u00e9sek\u00e9rt felel\u0151s\u00e9get nem v\u00e1llalunk.<\/p>\n\n\n\n<p>Ha hasznosnak tal\u00e1ltad a cikkem akkor k\u00e9rlek <a href=\"https:\/\/www.instagram.com\/szabolcs.taking.pictures\/\">oszd meg m\u00e1sokkal is \u00e9s k\u00f6vess Instagrammon<\/a>, ezzel is t\u00e1mogatva a munk\u00e1m! Vigy\u00e1zzatok magatokra \u00e9s t\u00fal lesz\u00fcnk ezen egy\u00fctt!<\/p>","protected":false},"excerpt":{"rendered":"<p>Sajnos ez az \u00fajonnan kialakult helyzet nagyon sokunkat hozott olyan helyzetbe, amikor felmer\u00fclt a k\u00e9rd\u00e9s a munk\u00e1nkkal kapcsolatosan: hogyan tov\u00e1bb? Mivel nekem a fot\u00f3z\u00e1s nem a f\u0151 \u00e1ll\u00e1som, \u00edgy \u201eszerencs\u00e9s\u201d vagyok, mert kis m\u00e9rt\u00e9kben \u00e9rintettek a korl\u00e1toz\u00e1sok meg\u00e9lhet\u00e9sem szempontj\u00e1b\u00f3l. Ez a kialakult helyzet, azonban minden fot\u00f3snak kih\u00edv\u00e1sokkal teli, legyen sz\u00f3 hobbi fot\u00f3sokr\u00f3l, vagy profikr\u00f3l, akiknek &#8230;<\/p>","protected":false},"author":2,"featured_media":750,"comment_status":"closed","ping_status":"closed","sticky":false,"template":"","format":"standard","meta":{"_seopress_robots_primary_cat":"none","_seopress_titles_title":"%%title%% %%page%%","_seopress_titles_desc":"7+1 tippet NEKED, ha koronav\u00edrus \u00e9s karant\u00e9n ideje alatt is \u00e9rdekel a fot\u00f3z\u00e1s? Be vagy z\u00e1rva \u00e9s nem tudod mivel el\u00fctni az id\u0151d? Olvasd el","_seopress_robots_index":"","footnotes":""},"categories":[21],"tags":[],"class_list":["post-738","post","type-post","status-publish","format-standard","has-post-thumbnail","hentry","category-fotozas"],"_links":{"self":[{"href":"https:\/\/redfox.photos\/en\/wp-json\/wp\/v2\/posts\/738","targetHints":{"allow":["GET"]}}],"collection":[{"href":"https:\/\/redfox.photos\/en\/wp-json\/wp\/v2\/posts"}],"about":[{"href":"https:\/\/redfox.photos\/en\/wp-json\/wp\/v2\/types\/post"}],"author":[{"embeddable":true,"href":"https:\/\/redfox.photos\/en\/wp-json\/wp\/v2\/users\/2"}],"replies":[{"embeddable":true,"href":"https:\/\/redfox.photos\/en\/wp-json\/wp\/v2\/comments?post=738"}],"version-history":[{"count":11,"href":"https:\/\/redfox.photos\/en\/wp-json\/wp\/v2\/posts\/738\/revisions"}],"predecessor-version":[{"id":23786,"href":"https:\/\/redfox.photos\/en\/wp-json\/wp\/v2\/posts\/738\/revisions\/23786"}],"wp:featuredmedia":[{"embeddable":true,"href":"https:\/\/redfox.photos\/en\/wp-json\/wp\/v2\/media\/750"}],"wp:attachment":[{"href":"https:\/\/redfox.photos\/en\/wp-json\/wp\/v2\/media?parent=738"}],"wp:term":[{"taxonomy":"category","embeddable":true,"href":"https:\/\/redfox.photos\/en\/wp-json\/wp\/v2\/categories?post=738"},{"taxonomy":"post_tag","embeddable":true,"href":"https:\/\/redfox.photos\/en\/wp-json\/wp\/v2\/tags?post=738"}],"curies":[{"name":"wp","href":"https:\/\/api.w.org\/{rel}","templated":true}]}}